{"id":3470,"date":"2025-03-06T17:31:46","date_gmt":"2025-03-06T16:31:46","guid":{"rendered":"https:\/\/www.hvk-bo.de\/hvk_neu\/?p=3470"},"modified":"2025-03-27T11:17:04","modified_gmt":"2025-03-27T10:17:04","slug":"teilnahme-am-bundeswettbewerb-demokratisch-handeln","status":"publish","type":"post","link":"https:\/\/www.hvk-bo.de\/hvk_neu\/teilnahme-am-bundeswettbewerb-demokratisch-handeln\/","title":{"rendered":"Teilnahme am Bundeswettbewerb \u201eDemokratisch Handeln\u201c"},"content":{"rendered":"\n<div class=\"wp-block-uagb-container uagb-block-70c23228 alignfull uagb-is-root-container\"><div class=\"uagb-container-inner-blocks-wrap\">\n<p>Am 17.\/18. Februar 2025 trafen sich die Wettbewerbsteilnehmer*innen des Bundeswettbewerbs&nbsp;<em>\u201eDemokratisch Handeln 2025<\/em>\u201c aus NRW zur Projektpr\u00e4sentation, zum Erfahrungsaustausch und zu Workshops in der Akademie Klausenhof in Hamminkeln. Dort pr\u00e4sentierten unsere Sch\u00fclerinnen Shakar Faris Omar, Alba Gonnermann und Jule H\u00fcser stellvertretend f\u00fcr den WP II Kurs Geschichte + X unser Projekt&nbsp;<em>\u201eHistorische Stadtteil-Exkursionen zur Zwangsarbeit 1942 \u2013 1945\u201c<\/em>. Auch in diesem Jahr war NRW-Schulministerin Dorothee Feller zu Gast und besuchte die Projektpr\u00e4sentationen der Wettbewerbsteilnehmenden. Dabei hatten unsere Sch\u00fclerinnen auch die M\u00f6glichkeit, der Ministerin unser Projekt vorzustellen und mit ihr in den Austausch zu kommen. In weiteren Workshops hatten wir die Gelegenheit die anderen Projekte kennenzulernen und sich \u00fcber Themen wie \u201eDemokratie in Schulen und Alltag\u201c auszutauschen. Mit der \u00dcberreichung der Teilnehmerurkunde am letzten Tag belohnte sich der Kurs daf\u00fcr, dass er aus ca. 74 eingereichten Projekten in NRW zu den letzten 24 Projekten geh\u00f6rt, die nach Hamminkeln eingeladen wurden und somit weiterhin im Rennen um den Bundespreis 2025 und der damit einhergehenden Preisverleihung in Berlin sind.<\/p>\n\n\n\t\t\t\t\t<div\n\t\t\t\t\t\tclass=\"wp-block-uagb-image-gallery uagb-block-e23ee07d     \"\n\t\t\t\t\t\tstyle=\"\"\n\t\t\t\t\t>\n\t\t\t\t\t\t\t\t\t\t\t<div class=\"spectra-image-gallery spectra-image-gallery__layout--grid spectra-image-gallery__layout--grid-col-2 spectra-image-gallery__layout--grid-col-tab-3 spectra-image-gallery__layout--grid-col-mob-2\">\n\t\t\t\t\t\t\t\t\t\t\t<div class='spectra-image-gallery__media-wrapper' data-spectra-gallery-image-id='3473' tabindex=\"0\">\n\t\t\t\t\t\t\t<div class=\"spectra-image-gallery__media spectra-image-gallery__media--grid\">\n\t\t\t\t<picture>\n\t\t\t\t\t<source media=\"(min-width: 1024px)\" srcset=\"https:\/\/www.hvk-bo.de\/hvk_neu\/wp-content\/uploads\/2025\/03\/Praesentation_3-1024x768.jpeg\">\n\t\t\t\t\t<source media=\"(min-width: 768px)\" srcset=\"https:\/\/www.hvk-bo.de\/hvk_neu\/wp-content\/uploads\/2025\/03\/Praesentation_3-1024x768.jpeg\">\n\t\t\t\t\t<img decoding=\"async\" class=\"spectra-image-gallery__media-thumbnail spectra-image-gallery__media-thumbnail--grid\" src=\"https:\/\/www.hvk-bo.de\/hvk_neu\/wp-content\/uploads\/2025\/03\/Praesentation_3-300x225.jpeg\" alt=\"\" loading=\"lazy\" \/>\n\t\t\t\t<\/picture>\n\t\t\t\t<div class=\"spectra-image-gallery__media-thumbnail-blurrer\"><\/div>\n\t\t\t\t\t\t\t\t\t\t\t<div class=\"spectra-image-gallery__media-thumbnail-caption-wrapper spectra-image-gallery__media-thumbnail-caption-wrapper--overlay\"><\/div>\n\t\t\t\t\t\t\t\t<\/div>\n\t\t\t\t\t\t<\/div>\n\t\t\t\t\t\t<div class='spectra-image-gallery__media-wrapper' data-spectra-gallery-image-id='3472' tabindex=\"0\">\n\t\t\t\t\t\t\t<div class=\"spectra-image-gallery__media spectra-image-gallery__media--grid\">\n\t\t\t\t<picture>\n\t\t\t\t\t<source media=\"(min-width: 1024px)\" srcset=\"https:\/\/www.hvk-bo.de\/hvk_neu\/wp-content\/uploads\/2025\/03\/Praesentation_2-673x1024.jpeg\">\n\t\t\t\t\t<source media=\"(min-width: 768px)\" srcset=\"https:\/\/www.hvk-bo.de\/hvk_neu\/wp-content\/uploads\/2025\/03\/Praesentation_2-673x1024.jpeg\">\n\t\t\t\t\t<img decoding=\"async\" class=\"spectra-image-gallery__media-thumbnail spectra-image-gallery__media-thumbnail--grid\" src=\"https:\/\/www.hvk-bo.de\/hvk_neu\/wp-content\/uploads\/2025\/03\/Praesentation_2-197x300.jpeg\" alt=\"\" loading=\"lazy\" \/>\n\t\t\t\t<\/picture>\n\t\t\t\t<div class=\"spectra-image-gallery__media-thumbnail-blurrer\"><\/div>\n\t\t\t\t\t\t\t\t\t\t\t<div class=\"spectra-image-gallery__media-thumbnail-caption-wrapper spectra-image-gallery__media-thumbnail-caption-wrapper--overlay\"><\/div>\n\t\t\t\t\t\t\t\t<\/div>\n\t\t\t\t\t\t<\/div>\n\t\t\t\t\t\t<div class='spectra-image-gallery__media-wrapper' data-spectra-gallery-image-id='3471' tabindex=\"0\">\n\t\t\t\t\t\t\t<div class=\"spectra-image-gallery__media spectra-image-gallery__media--grid\">\n\t\t\t\t<picture>\n\t\t\t\t\t<source media=\"(min-width: 1024px)\" srcset=\"https:\/\/www.hvk-bo.de\/hvk_neu\/wp-content\/uploads\/2025\/03\/Praesentation_1-768x1024.jpeg\">\n\t\t\t\t\t<source media=\"(min-width: 768px)\" srcset=\"https:\/\/www.hvk-bo.de\/hvk_neu\/wp-content\/uploads\/2025\/03\/Praesentation_1-768x1024.jpeg\">\n\t\t\t\t\t<img decoding=\"async\" class=\"spectra-image-gallery__media-thumbnail spectra-image-gallery__media-thumbnail--grid\" src=\"https:\/\/www.hvk-bo.de\/hvk_neu\/wp-content\/uploads\/2025\/03\/Praesentation_1-225x300.jpeg\" alt=\"\" loading=\"lazy\" \/>\n\t\t\t\t<\/picture>\n\t\t\t\t<div class=\"spectra-image-gallery__media-thumbnail-blurrer\"><\/div>\n\t\t\t\t\t\t\t\t\t\t\t<div class=\"spectra-image-gallery__media-thumbnail-caption-wrapper spectra-image-gallery__media-thumbnail-caption-wrapper--overlay\"><\/div>\n\t\t\t\t\t\t\t\t<\/div>\n\t\t\t\t\t\t<\/div>\n\t\t\t\t\t\t<div class='spectra-image-gallery__media-wrapper' data-spectra-gallery-image-id='3474' tabindex=\"0\">\n\t\t\t\t\t\t\t<div class=\"spectra-image-gallery__media spectra-image-gallery__media--grid\">\n\t\t\t\t<picture>\n\t\t\t\t\t<source media=\"(min-width: 1024px)\" srcset=\"https:\/\/www.hvk-bo.de\/hvk_neu\/wp-content\/uploads\/2025\/03\/Urkunde_1-768x1024.jpeg\">\n\t\t\t\t\t<source media=\"(min-width: 768px)\" srcset=\"https:\/\/www.hvk-bo.de\/hvk_neu\/wp-content\/uploads\/2025\/03\/Urkunde_1-768x1024.jpeg\">\n\t\t\t\t\t<img decoding=\"async\" class=\"spectra-image-gallery__media-thumbnail spectra-image-gallery__media-thumbnail--grid\" src=\"https:\/\/www.hvk-bo.de\/hvk_neu\/wp-content\/uploads\/2025\/03\/Urkunde_1-225x300.jpeg\" alt=\"\" loading=\"lazy\" \/>\n\t\t\t\t<\/picture>\n\t\t\t\t<div class=\"spectra-image-gallery__media-thumbnail-blurrer\"><\/div>\n\t\t\t\t\t\t\t\t\t\t\t<div class=\"spectra-image-gallery__media-thumbnail-caption-wrapper spectra-image-gallery__media-thumbnail-caption-wrapper--overlay\"><\/div>\n\t\t\t\t\t\t\t\t<\/div>\n\t\t\t\t\t\t<\/div>\n\t\t\t\t\t\t\t\t\t\t<\/div>\n\t\t\t\t\t\t\t\t\t\t\t\t\t\t\t\t\t\t<\/div>\n\t\t\t\t\t\t\t\t\t<\/div><\/div>\n","protected":false},"excerpt":{"rendered":"<p>Am 17.\/18. Februar 2025 trafen sich die Wettbewerbsteilnehmer*innen des Bundeswettbewerbs&nbsp;\u201eDemokratisch Handeln 2025\u201c aus NRW zur Projektpr\u00e4sentation, zum Erfahrungsaustausch und zu [&hellip;]<\/p>\n","protected":false},"author":4,"featured_media":3492,"comment_status":"closed","ping_status":"closed","sticky":false,"template":"","format":"standard","meta":{"_uag_custom_page_level_css":"","site-sidebar-layout":"default","site-content-layout":"","ast-site-content-layout":"default","site-content-style":"default","site-sidebar-style":"default","ast-global-header-display":"","ast-banner-title-visibility":"","ast-main-header-display":"","ast-hfb-above-header-display":"","ast-hfb-below-header-display":"","ast-hfb-mobile-header-display":"","site-post-title":"","ast-breadcrumbs-content":"","ast-featured-img":"","footer-sml-layout":"","ast-disable-related-posts":"","theme-transparent-header-meta":"","adv-header-id-meta":"","stick-header-meta":"","header-above-stick-meta":"","header-main-stick-meta":"","header-below-stick-meta":"","astra-migrate-meta-layouts":"default","ast-page-background-enabled":"default","ast-page-background-meta":{"desktop":{"background-color":"var(--ast-global-color-4)","background-image":"","background-repeat":"repeat","background-position":"center center","background-size":"auto","background-attachment":"scroll","background-type":"","background-media":"","overlay-type":"","overlay-color":"","overlay-opacity":"","overlay-gradient":""},"tablet":{"background-color":"","background-image":"","background-repeat":"repeat","background-position":"center center","background-size":"auto","background-attachment":"scroll","background-type":"","background-media":"","overlay-type":"","overlay-color":"","overlay-opacity":"","overlay-gradient":""},"mobile":{"background-color":"","background-image":"","background-repeat":"repeat","background-position":"center center","background-size":"auto","background-attachment":"scroll","background-type":"","background-media":"","overlay-type":"","overlay-color":"","overlay-opacity":"","overlay-gradient":""}},"ast-content-background-meta":{"desktop":{"background-color":"var(--ast-global-color-5)","background-image":"","background-repeat":"repeat","background-position":"center center","background-size":"auto","background-attachment":"scroll","background-type":"","background-media":"","overlay-type":"","overlay-color":"","overlay-opacity":"","overlay-gradient":""},"tablet":{"background-color":"var(--ast-global-color-5)","background-image":"","background-repeat":"repeat","background-position":"center center","background-size":"auto","background-attachment":"scroll","background-type":"","background-media":"","overlay-type":"","overlay-color":"","overlay-opacity":"","overlay-gradient":""},"mobile":{"background-color":"var(--ast-global-color-5)","background-image":"","background-repeat":"repeat","background-position":"center center","background-size":"auto","background-attachment":"scroll","background-type":"","background-media":"","overlay-type":"","overlay-color":"","overlay-opacity":"","overlay-gradient":""}},"footnotes":""},"categories":[7,1],"tags":[],"class_list":["post-3470","post","type-post","status-publish","format-standard","has-post-thumbnail","hentry","category-aktuell","category-allgemein"],"yoast_head":"<!-- This site is optimized with the Yoast SEO plugin v27.5 - https:\/\/yoast.com\/product\/yoast-seo-wordpress\/ -->\n<title>Teilnahme am Bundeswettbewerb \u201eDemokratisch Handeln\u201c - Heinrich-von-Kleist-Gymnasium<\/title>\n<meta name=\"robots\" content=\"index, follow, max-snippet:-1, max-image-preview:large, max-video-preview:-1\" \/>\n<link rel=\"canonical\" href=\"https:\/\/www.hvk-bo.de\/hvk_neu\/teilnahme-am-bundeswettbewerb-demokratisch-handeln\/\" \/>\n<meta property=\"og:locale\" content=\"de_DE\" \/>\n<meta property=\"og:type\" content=\"article\" \/>\n<meta property=\"og:title\" content=\"Teilnahme am Bundeswettbewerb \u201eDemokratisch Handeln\u201c - Heinrich-von-Kleist-Gymnasium\" \/>\n<meta property=\"og:description\" content=\"Am 17.\/18. Februar 2025 trafen sich die Wettbewerbsteilnehmer*innen des Bundeswettbewerbs&nbsp;\u201eDemokratisch Handeln 2025\u201c aus NRW zur Projektpr\u00e4sentation, zum Erfahrungsaustausch und zu [&hellip;]\" \/>\n<meta property=\"og:url\" content=\"https:\/\/www.hvk-bo.de\/hvk_neu\/teilnahme-am-bundeswettbewerb-demokratisch-handeln\/\" \/>\n<meta property=\"og:site_name\" content=\"Heinrich-von-Kleist-Gymnasium\" \/>\n<meta property=\"article:published_time\" content=\"2025-03-06T16:31:46+00:00\" \/>\n<meta property=\"article:modified_time\" content=\"2025-03-27T10:17:04+00:00\" \/>\n<meta property=\"og:image\" content=\"https:\/\/www.hvk-bo.de\/hvk_neu\/wp-content\/uploads\/2025\/03\/Praesentation_3_teaser.webp\" \/>\n\t<meta property=\"og:image:width\" content=\"540\" \/>\n\t<meta property=\"og:image:height\" content=\"360\" \/>\n\t<meta property=\"og:image:type\" content=\"image\/webp\" \/>\n<meta name=\"author\" content=\"Michael Bra\u00df\" \/>\n<meta name=\"twitter:card\" content=\"summary_large_image\" \/>\n<meta name=\"twitter:label1\" content=\"Verfasst von\" \/>\n\t<meta name=\"twitter:data1\" content=\"Michael Bra\u00df\" \/>\n\t<meta name=\"twitter:label2\" content=\"Gesch\u00e4tzte Lesezeit\" \/>\n\t<meta name=\"twitter:data2\" content=\"2\u00a0Minuten\" \/>\n<script type=\"application\/ld+json\" class=\"yoast-schema-graph\">{\"@context\":\"https:\\\/\\\/schema.org\",\"@graph\":[{\"@type\":\"Article\",\"@id\":\"https:\\\/\\\/www.hvk-bo.de\\\/hvk_neu\\\/teilnahme-am-bundeswettbewerb-demokratisch-handeln\\\/#article\",\"isPartOf\":{\"@id\":\"https:\\\/\\\/www.hvk-bo.de\\\/hvk_neu\\\/teilnahme-am-bundeswettbewerb-demokratisch-handeln\\\/\"},\"author\":{\"name\":\"Michael Bra\u00df\",\"@id\":\"https:\\\/\\\/www.hvk-bo.de\\\/hvk_neu\\\/#\\\/schema\\\/person\\\/794a75d9b26b9307332ae4520c485be1\"},\"headline\":\"Teilnahme am Bundeswettbewerb \u201eDemokratisch Handeln\u201c\",\"datePublished\":\"2025-03-06T16:31:46+00:00\",\"dateModified\":\"2025-03-27T10:17:04+00:00\",\"mainEntityOfPage\":{\"@id\":\"https:\\\/\\\/www.hvk-bo.de\\\/hvk_neu\\\/teilnahme-am-bundeswettbewerb-demokratisch-handeln\\\/\"},\"wordCount\":174,\"publisher\":{\"@id\":\"https:\\\/\\\/www.hvk-bo.de\\\/hvk_neu\\\/#organization\"},\"image\":{\"@id\":\"https:\\\/\\\/www.hvk-bo.de\\\/hvk_neu\\\/teilnahme-am-bundeswettbewerb-demokratisch-handeln\\\/#primaryimage\"},\"thumbnailUrl\":\"https:\\\/\\\/www.hvk-bo.de\\\/hvk_neu\\\/wp-content\\\/uploads\\\/2025\\\/03\\\/Praesentation_3_teaser.webp\",\"articleSection\":[\"Aktuelles\"],\"inLanguage\":\"de\"},{\"@type\":\"WebPage\",\"@id\":\"https:\\\/\\\/www.hvk-bo.de\\\/hvk_neu\\\/teilnahme-am-bundeswettbewerb-demokratisch-handeln\\\/\",\"url\":\"https:\\\/\\\/www.hvk-bo.de\\\/hvk_neu\\\/teilnahme-am-bundeswettbewerb-demokratisch-handeln\\\/\",\"name\":\"Teilnahme am Bundeswettbewerb \u201eDemokratisch Handeln\u201c - Heinrich-von-Kleist-Gymnasium\",\"isPartOf\":{\"@id\":\"https:\\\/\\\/www.hvk-bo.de\\\/hvk_neu\\\/#website\"},\"primaryImageOfPage\":{\"@id\":\"https:\\\/\\\/www.hvk-bo.de\\\/hvk_neu\\\/teilnahme-am-bundeswettbewerb-demokratisch-handeln\\\/#primaryimage\"},\"image\":{\"@id\":\"https:\\\/\\\/www.hvk-bo.de\\\/hvk_neu\\\/teilnahme-am-bundeswettbewerb-demokratisch-handeln\\\/#primaryimage\"},\"thumbnailUrl\":\"https:\\\/\\\/www.hvk-bo.de\\\/hvk_neu\\\/wp-content\\\/uploads\\\/2025\\\/03\\\/Praesentation_3_teaser.webp\",\"datePublished\":\"2025-03-06T16:31:46+00:00\",\"dateModified\":\"2025-03-27T10:17:04+00:00\",\"breadcrumb\":{\"@id\":\"https:\\\/\\\/www.hvk-bo.de\\\/hvk_neu\\\/teilnahme-am-bundeswettbewerb-demokratisch-handeln\\\/#breadcrumb\"},\"inLanguage\":\"de\",\"potentialAction\":[{\"@type\":\"ReadAction\",\"target\":[\"https:\\\/\\\/www.hvk-bo.de\\\/hvk_neu\\\/teilnahme-am-bundeswettbewerb-demokratisch-handeln\\\/\"]}]},{\"@type\":\"ImageObject\",\"inLanguage\":\"de\",\"@id\":\"https:\\\/\\\/www.hvk-bo.de\\\/hvk_neu\\\/teilnahme-am-bundeswettbewerb-demokratisch-handeln\\\/#primaryimage\",\"url\":\"https:\\\/\\\/www.hvk-bo.de\\\/hvk_neu\\\/wp-content\\\/uploads\\\/2025\\\/03\\\/Praesentation_3_teaser.webp\",\"contentUrl\":\"https:\\\/\\\/www.hvk-bo.de\\\/hvk_neu\\\/wp-content\\\/uploads\\\/2025\\\/03\\\/Praesentation_3_teaser.webp\",\"width\":540,\"height\":360},{\"@type\":\"BreadcrumbList\",\"@id\":\"https:\\\/\\\/www.hvk-bo.de\\\/hvk_neu\\\/teilnahme-am-bundeswettbewerb-demokratisch-handeln\\\/#breadcrumb\",\"itemListElement\":[{\"@type\":\"ListItem\",\"position\":1,\"name\":\"Startseite\",\"item\":\"https:\\\/\\\/www.hvk-bo.de\\\/hvk_neu\\\/\"},{\"@type\":\"ListItem\",\"position\":2,\"name\":\"Teilnahme am Bundeswettbewerb \u201eDemokratisch Handeln\u201c\"}]},{\"@type\":\"WebSite\",\"@id\":\"https:\\\/\\\/www.hvk-bo.de\\\/hvk_neu\\\/#website\",\"url\":\"https:\\\/\\\/www.hvk-bo.de\\\/hvk_neu\\\/\",\"name\":\"Heinrich-von-Kleist-Gymnasium\",\"description\":\"Ganztagsgymnasium\",\"publisher\":{\"@id\":\"https:\\\/\\\/www.hvk-bo.de\\\/hvk_neu\\\/#organization\"},\"alternateName\":\"HvK Bochum\",\"potentialAction\":[{\"@type\":\"SearchAction\",\"target\":{\"@type\":\"EntryPoint\",\"urlTemplate\":\"https:\\\/\\\/www.hvk-bo.de\\\/hvk_neu\\\/?s={search_term_string}\"},\"query-input\":{\"@type\":\"PropertyValueSpecification\",\"valueRequired\":true,\"valueName\":\"search_term_string\"}}],\"inLanguage\":\"de\"},{\"@type\":\"Organization\",\"@id\":\"https:\\\/\\\/www.hvk-bo.de\\\/hvk_neu\\\/#organization\",\"name\":\"Heinrich-von-Kleist-Gymnasium\",\"alternateName\":\"HvK Bochum\",\"url\":\"https:\\\/\\\/www.hvk-bo.de\\\/hvk_neu\\\/\",\"logo\":{\"@type\":\"ImageObject\",\"inLanguage\":\"de\",\"@id\":\"https:\\\/\\\/www.hvk-bo.de\\\/hvk_neu\\\/#\\\/schema\\\/logo\\\/image\\\/\",\"url\":\"https:\\\/\\\/www.hvk-bo.de\\\/hvk_neu\\\/wp-content\\\/uploads\\\/2024\\\/06\\\/HvK_Logo_klein.png\",\"contentUrl\":\"https:\\\/\\\/www.hvk-bo.de\\\/hvk_neu\\\/wp-content\\\/uploads\\\/2024\\\/06\\\/HvK_Logo_klein.png\",\"width\":512,\"height\":512,\"caption\":\"Heinrich-von-Kleist-Gymnasium\"},\"image\":{\"@id\":\"https:\\\/\\\/www.hvk-bo.de\\\/hvk_neu\\\/#\\\/schema\\\/logo\\\/image\\\/\"}},{\"@type\":\"Person\",\"@id\":\"https:\\\/\\\/www.hvk-bo.de\\\/hvk_neu\\\/#\\\/schema\\\/person\\\/794a75d9b26b9307332ae4520c485be1\",\"name\":\"Michael Bra\u00df\",\"image\":{\"@type\":\"ImageObject\",\"inLanguage\":\"de\",\"@id\":\"https:\\\/\\\/secure.gravatar.com\\\/avatar\\\/4d4f3173b0525d68b6dd40a3b8a251b7175e4562a8b9dca3165604270abc96ec?s=96&d=mm&r=g\",\"url\":\"https:\\\/\\\/secure.gravatar.com\\\/avatar\\\/4d4f3173b0525d68b6dd40a3b8a251b7175e4562a8b9dca3165604270abc96ec?s=96&d=mm&r=g\",\"contentUrl\":\"https:\\\/\\\/secure.gravatar.com\\\/avatar\\\/4d4f3173b0525d68b6dd40a3b8a251b7175e4562a8b9dca3165604270abc96ec?s=96&d=mm&r=g\",\"caption\":\"Michael Bra\u00df\"},\"url\":\"https:\\\/\\\/www.hvk-bo.de\\\/hvk_neu\\\/author\\\/m_brass\\\/\"}]}<\/script>\n<!-- \/ Yoast SEO plugin. -->","yoast_head_json":{"title":"Teilnahme am Bundeswettbewerb \u201eDemokratisch Handeln\u201c - Heinrich-von-Kleist-Gymnasium","robots":{"index":"index","follow":"follow","max-snippet":"max-snippet:-1","max-image-preview":"max-image-preview:large","max-video-preview":"max-video-preview:-1"},"canonical":"https:\/\/www.hvk-bo.de\/hvk_neu\/teilnahme-am-bundeswettbewerb-demokratisch-handeln\/","og_locale":"de_DE","og_type":"article","og_title":"Teilnahme am Bundeswettbewerb \u201eDemokratisch Handeln\u201c - Heinrich-von-Kleist-Gymnasium","og_description":"Am 17.\/18. Februar 2025 trafen sich die Wettbewerbsteilnehmer*innen des Bundeswettbewerbs&nbsp;\u201eDemokratisch Handeln 2025\u201c aus NRW zur Projektpr\u00e4sentation, zum Erfahrungsaustausch und zu [&hellip;]","og_url":"https:\/\/www.hvk-bo.de\/hvk_neu\/teilnahme-am-bundeswettbewerb-demokratisch-handeln\/","og_site_name":"Heinrich-von-Kleist-Gymnasium","article_published_time":"2025-03-06T16:31:46+00:00","article_modified_time":"2025-03-27T10:17:04+00:00","og_image":[{"width":540,"height":360,"url":"https:\/\/www.hvk-bo.de\/hvk_neu\/wp-content\/uploads\/2025\/03\/Praesentation_3_teaser.webp","type":"image\/webp"}],"author":"Michael Bra\u00df","twitter_card":"summary_large_image","twitter_misc":{"Verfasst von":"Michael Bra\u00df","Gesch\u00e4tzte Lesezeit":"2\u00a0Minuten"},"schema":{"@context":"https:\/\/schema.org","@graph":[{"@type":"Article","@id":"https:\/\/www.hvk-bo.de\/hvk_neu\/teilnahme-am-bundeswettbewerb-demokratisch-handeln\/#article","isPartOf":{"@id":"https:\/\/www.hvk-bo.de\/hvk_neu\/teilnahme-am-bundeswettbewerb-demokratisch-handeln\/"},"author":{"name":"Michael Bra\u00df","@id":"https:\/\/www.hvk-bo.de\/hvk_neu\/#\/schema\/person\/794a75d9b26b9307332ae4520c485be1"},"headline":"Teilnahme am Bundeswettbewerb \u201eDemokratisch Handeln\u201c","datePublished":"2025-03-06T16:31:46+00:00","dateModified":"2025-03-27T10:17:04+00:00","mainEntityOfPage":{"@id":"https:\/\/www.hvk-bo.de\/hvk_neu\/teilnahme-am-bundeswettbewerb-demokratisch-handeln\/"},"wordCount":174,"publisher":{"@id":"https:\/\/www.hvk-bo.de\/hvk_neu\/#organization"},"image":{"@id":"https:\/\/www.hvk-bo.de\/hvk_neu\/teilnahme-am-bundeswettbewerb-demokratisch-handeln\/#primaryimage"},"thumbnailUrl":"https:\/\/www.hvk-bo.de\/hvk_neu\/wp-content\/uploads\/2025\/03\/Praesentation_3_teaser.webp","articleSection":["Aktuelles"],"inLanguage":"de"},{"@type":"WebPage","@id":"https:\/\/www.hvk-bo.de\/hvk_neu\/teilnahme-am-bundeswettbewerb-demokratisch-handeln\/","url":"https:\/\/www.hvk-bo.de\/hvk_neu\/teilnahme-am-bundeswettbewerb-demokratisch-handeln\/","name":"Teilnahme am Bundeswettbewerb \u201eDemokratisch Handeln\u201c - Heinrich-von-Kleist-Gymnasium","isPartOf":{"@id":"https:\/\/www.hvk-bo.de\/hvk_neu\/#website"},"primaryImageOfPage":{"@id":"https:\/\/www.hvk-bo.de\/hvk_neu\/teilnahme-am-bundeswettbewerb-demokratisch-handeln\/#primaryimage"},"image":{"@id":"https:\/\/www.hvk-bo.de\/hvk_neu\/teilnahme-am-bundeswettbewerb-demokratisch-handeln\/#primaryimage"},"thumbnailUrl":"https:\/\/www.hvk-bo.de\/hvk_neu\/wp-content\/uploads\/2025\/03\/Praesentation_3_teaser.webp","datePublished":"2025-03-06T16:31:46+00:00","dateModified":"2025-03-27T10:17:04+00:00","breadcrumb":{"@id":"https:\/\/www.hvk-bo.de\/hvk_neu\/teilnahme-am-bundeswettbewerb-demokratisch-handeln\/#breadcrumb"},"inLanguage":"de","potentialAction":[{"@type":"ReadAction","target":["https:\/\/www.hvk-bo.de\/hvk_neu\/teilnahme-am-bundeswettbewerb-demokratisch-handeln\/"]}]},{"@type":"ImageObject","inLanguage":"de","@id":"https:\/\/www.hvk-bo.de\/hvk_neu\/teilnahme-am-bundeswettbewerb-demokratisch-handeln\/#primaryimage","url":"https:\/\/www.hvk-bo.de\/hvk_neu\/wp-content\/uploads\/2025\/03\/Praesentation_3_teaser.webp","contentUrl":"https:\/\/www.hvk-bo.de\/hvk_neu\/wp-content\/uploads\/2025\/03\/Praesentation_3_teaser.webp","width":540,"height":360},{"@type":"BreadcrumbList","@id":"https:\/\/www.hvk-bo.de\/hvk_neu\/teilnahme-am-bundeswettbewerb-demokratisch-handeln\/#breadcrumb","itemListElement":[{"@type":"ListItem","position":1,"name":"Startseite","item":"https:\/\/www.hvk-bo.de\/hvk_neu\/"},{"@type":"ListItem","position":2,"name":"Teilnahme am Bundeswettbewerb \u201eDemokratisch Handeln\u201c"}]},{"@type":"WebSite","@id":"https:\/\/www.hvk-bo.de\/hvk_neu\/#website","url":"https:\/\/www.hvk-bo.de\/hvk_neu\/","name":"Heinrich-von-Kleist-Gymnasium","description":"Ganztagsgymnasium","publisher":{"@id":"https:\/\/www.hvk-bo.de\/hvk_neu\/#organization"},"alternateName":"HvK Bochum","potentialAction":[{"@type":"SearchAction","target":{"@type":"EntryPoint","urlTemplate":"https:\/\/www.hvk-bo.de\/hvk_neu\/?s={search_term_string}"},"query-input":{"@type":"PropertyValueSpecification","valueRequired":true,"valueName":"search_term_string"}}],"inLanguage":"de"},{"@type":"Organization","@id":"https:\/\/www.hvk-bo.de\/hvk_neu\/#organization","name":"Heinrich-von-Kleist-Gymnasium","alternateName":"HvK Bochum","url":"https:\/\/www.hvk-bo.de\/hvk_neu\/","logo":{"@type":"ImageObject","inLanguage":"de","@id":"https:\/\/www.hvk-bo.de\/hvk_neu\/#\/schema\/logo\/image\/","url":"https:\/\/www.hvk-bo.de\/hvk_neu\/wp-content\/uploads\/2024\/06\/HvK_Logo_klein.png","contentUrl":"https:\/\/www.hvk-bo.de\/hvk_neu\/wp-content\/uploads\/2024\/06\/HvK_Logo_klein.png","width":512,"height":512,"caption":"Heinrich-von-Kleist-Gymnasium"},"image":{"@id":"https:\/\/www.hvk-bo.de\/hvk_neu\/#\/schema\/logo\/image\/"}},{"@type":"Person","@id":"https:\/\/www.hvk-bo.de\/hvk_neu\/#\/schema\/person\/794a75d9b26b9307332ae4520c485be1","name":"Michael Bra\u00df","image":{"@type":"ImageObject","inLanguage":"de","@id":"https:\/\/secure.gravatar.com\/avatar\/4d4f3173b0525d68b6dd40a3b8a251b7175e4562a8b9dca3165604270abc96ec?s=96&d=mm&r=g","url":"https:\/\/secure.gravatar.com\/avatar\/4d4f3173b0525d68b6dd40a3b8a251b7175e4562a8b9dca3165604270abc96ec?s=96&d=mm&r=g","contentUrl":"https:\/\/secure.gravatar.com\/avatar\/4d4f3173b0525d68b6dd40a3b8a251b7175e4562a8b9dca3165604270abc96ec?s=96&d=mm&r=g","caption":"Michael Bra\u00df"},"url":"https:\/\/www.hvk-bo.de\/hvk_neu\/author\/m_brass\/"}]}},"uagb_featured_image_src":{"full":["https:\/\/www.hvk-bo.de\/hvk_neu\/wp-content\/uploads\/2025\/03\/Praesentation_3_teaser.webp",540,360,false],"thumbnail":["https:\/\/www.hvk-bo.de\/hvk_neu\/wp-content\/uploads\/2025\/03\/Praesentation_3_teaser-150x150.webp",150,150,true],"medium":["https:\/\/www.hvk-bo.de\/hvk_neu\/wp-content\/uploads\/2025\/03\/Praesentation_3_teaser-300x200.webp",300,200,true],"medium_large":["https:\/\/www.hvk-bo.de\/hvk_neu\/wp-content\/uploads\/2025\/03\/Praesentation_3_teaser.webp",540,360,false],"large":["https:\/\/www.hvk-bo.de\/hvk_neu\/wp-content\/uploads\/2025\/03\/Praesentation_3_teaser.webp",540,360,false],"1536x1536":["https:\/\/www.hvk-bo.de\/hvk_neu\/wp-content\/uploads\/2025\/03\/Praesentation_3_teaser.webp",540,360,false],"2048x2048":["https:\/\/www.hvk-bo.de\/hvk_neu\/wp-content\/uploads\/2025\/03\/Praesentation_3_teaser.webp",540,360,false]},"uagb_author_info":{"display_name":"Michael Bra\u00df","author_link":"https:\/\/www.hvk-bo.de\/hvk_neu\/author\/m_brass\/"},"uagb_comment_info":0,"uagb_excerpt":"Am 17.\/18. Februar 2025 trafen sich die Wettbewerbsteilnehmer*innen des Bundeswettbewerbs&nbsp;\u201eDemokratisch Handeln 2025\u201c aus NRW zur Projektpr\u00e4sentation, zum Erfahrungsaustausch und zu [&hellip;]","_links":{"self":[{"href":"https:\/\/www.hvk-bo.de\/hvk_neu\/wp-json\/wp\/v2\/posts\/3470","targetHints":{"allow":["GET"]}}],"collection":[{"href":"https:\/\/www.hvk-bo.de\/hvk_neu\/wp-json\/wp\/v2\/posts"}],"about":[{"href":"https:\/\/www.hvk-bo.de\/hvk_neu\/wp-json\/wp\/v2\/types\/post"}],"author":[{"embeddable":true,"href":"https:\/\/www.hvk-bo.de\/hvk_neu\/wp-json\/wp\/v2\/users\/4"}],"replies":[{"embeddable":true,"href":"https:\/\/www.hvk-bo.de\/hvk_neu\/wp-json\/wp\/v2\/comments?post=3470"}],"version-history":[{"count":3,"href":"https:\/\/www.hvk-bo.de\/hvk_neu\/wp-json\/wp\/v2\/posts\/3470\/revisions"}],"predecessor-version":[{"id":3736,"href":"https:\/\/www.hvk-bo.de\/hvk_neu\/wp-json\/wp\/v2\/posts\/3470\/revisions\/3736"}],"wp:featuredmedia":[{"embeddable":true,"href":"https:\/\/www.hvk-bo.de\/hvk_neu\/wp-json\/wp\/v2\/media\/3492"}],"wp:attachment":[{"href":"https:\/\/www.hvk-bo.de\/hvk_neu\/wp-json\/wp\/v2\/media?parent=3470"}],"wp:term":[{"taxonomy":"category","embeddable":true,"href":"https:\/\/www.hvk-bo.de\/hvk_neu\/wp-json\/wp\/v2\/categories?post=3470"},{"taxonomy":"post_tag","embeddable":true,"href":"https:\/\/www.hvk-bo.de\/hvk_neu\/wp-json\/wp\/v2\/tags?post=3470"}],"curies":[{"name":"wp","href":"https:\/\/api.w.org\/{rel}","templated":true}]}}