{"id":3481,"date":"2025-03-13T11:23:43","date_gmt":"2025-03-13T10:23:43","guid":{"rendered":"https:\/\/www.hvk-bo.de\/hvk_neu\/?p=3481"},"modified":"2025-04-01T10:17:35","modified_gmt":"2025-04-01T08:17:35","slug":"einladung-zum-multimedialen-themenabend-am-hvk","status":"publish","type":"post","link":"https:\/\/www.hvk-bo.de\/hvk_neu\/einladung-zum-multimedialen-themenabend-am-hvk\/","title":{"rendered":"R\u00fcckblick auf den Multimedialen Themenabend am HvK"},"content":{"rendered":"\n<div class=\"wp-block-media-text is-stacked-on-mobile\"><figure class=\"wp-block-media-text__media\"><img loading=\"lazy\" decoding=\"async\" width=\"724\" height=\"1024\" src=\"https:\/\/www.hvk-bo.de\/hvk_neu\/wp-content\/uploads\/2025\/03\/Plakat-multimedialer-Abend-724x1024.png\" alt=\"\" class=\"wp-image-3482 size-full\" srcset=\"https:\/\/www.hvk-bo.de\/hvk_neu\/wp-content\/uploads\/2025\/03\/Plakat-multimedialer-Abend-724x1024.png 724w, https:\/\/www.hvk-bo.de\/hvk_neu\/wp-content\/uploads\/2025\/03\/Plakat-multimedialer-Abend-212x300.png 212w, https:\/\/www.hvk-bo.de\/hvk_neu\/wp-content\/uploads\/2025\/03\/Plakat-multimedialer-Abend-768x1086.png 768w, https:\/\/www.hvk-bo.de\/hvk_neu\/wp-content\/uploads\/2025\/03\/Plakat-multimedialer-Abend-1086x1536.png 1086w, https:\/\/www.hvk-bo.de\/hvk_neu\/wp-content\/uploads\/2025\/03\/Plakat-multimedialer-Abend-1448x2048.png 1448w, https:\/\/www.hvk-bo.de\/hvk_neu\/wp-content\/uploads\/2025\/03\/Plakat-multimedialer-Abend.png 1587w\" sizes=\"auto, (max-width: 724px) 100vw, 724px\" \/><\/figure><div class=\"wp-block-media-text__content\">\n<p>Das Forum war gut gef\u00fcllt zum multimedialen Abend und unsere Sch\u00fclerinnen und Sch\u00fcler haben wirklich eine beeindruckende Auff\u00fchrung auf die B\u00fchne gestellt:<br><br>Mia Finger und Mirja Wick aus der 9c moderierten den gesamten Abend mit beeindruckenden Gedanken zum thematischen Rahmen des Abends: Der Vielfalt. <br><br>In diesem Rahmen fanden sich Bands in verschiedenen Zusammensetzungen, Chor, Tanz, Literatur, Kunst, Videokunst und Theater hervorragend zurecht und wurden zum Ende des Abends erst nach einer Zugabe und mit stehenden Ovationen verabschiedet. Es geschieht \u00e4u\u00dferst selten, dass selbst verfasste Geschichten, Showtanz, animierte Videos und Theater sich so ineinanderf\u00fcgen wie an diesem Abend. <br><br>Wir danken allen Mitwirkenden und den beteiligten Lehrkr\u00e4ften f\u00fcr einen wundervoll gestalteten Abend und freuen uns auf den n\u00e4chsten multimedialen Abend im Jahr 2026.<br><br>Einige Eindr\u00fccke des Abends&#8230;.<\/p>\n<\/div><\/div>\n\n\n\t\t\t\t\t<div\n\t\t\t\t\t\tclass=\"wp-block-uagb-image-gallery uagb-block-b2af9eb9     \"\n\t\t\t\t\t\tstyle=\"\"\n\t\t\t\t\t>\n\t\t\t\t\t\t\t\t\t\t\t<div class=\"spectra-image-gallery spectra-image-gallery__layout--carousel\">\n\t\t\t\t\t\t\t\t<div class=\"uagb-slick-carousel uagb-block-b2af9eb9\">\n\t\t\t\t\t\t\t\t\t\t\t\t<div class='spectra-image-gallery__media-wrapper' data-spectra-gallery-image-id='3500'>\n\t\t\t\t\t\t\t<div class=\"spectra-image-gallery__media spectra-image-gallery__media--carousel\">\n\t\t\t\t<picture>\n\t\t\t\t\t<source media=\"(min-width: 1024px)\" srcset=\"https:\/\/www.hvk-bo.de\/hvk_neu\/wp-content\/uploads\/2025\/03\/IMG_2008-1024x567.jpg\">\n\t\t\t\t\t<source media=\"(min-width: 768px)\" srcset=\"https:\/\/www.hvk-bo.de\/hvk_neu\/wp-content\/uploads\/2025\/03\/IMG_2008-1024x567.jpg\">\n\t\t\t\t\t<img decoding=\"async\" class=\"spectra-image-gallery__media-thumbnail spectra-image-gallery__media-thumbnail--carousel\" src=\"https:\/\/www.hvk-bo.de\/hvk_neu\/wp-content\/uploads\/2025\/03\/IMG_2008-300x166.jpg\" alt=\"\" loading=\"lazy\" \/>\n\t\t\t\t<\/picture>\n\t\t\t\t<div class=\"spectra-image-gallery__media-thumbnail-blurrer\"><\/div>\n\t\t\t\t\t\t\t\t\t\t\t<div class=\"spectra-image-gallery__media-thumbnail-caption-wrapper spectra-image-gallery__media-thumbnail-caption-wrapper--overlay\"><\/div>\n\t\t\t\t\t\t\t\t<\/div>\n\t\t\t\t\t\t<\/div>\n\t\t\t\t\t\t<div class='spectra-image-gallery__media-wrapper' data-spectra-gallery-image-id='3495'>\n\t\t\t\t\t\t\t<div class=\"spectra-image-gallery__media spectra-image-gallery__media--carousel\">\n\t\t\t\t<picture>\n\t\t\t\t\t<source media=\"(min-width: 1024px)\" srcset=\"https:\/\/www.hvk-bo.de\/hvk_neu\/wp-content\/uploads\/2025\/03\/IMG_2002-1024x504.jpg\">\n\t\t\t\t\t<source media=\"(min-width: 768px)\" srcset=\"https:\/\/www.hvk-bo.de\/hvk_neu\/wp-content\/uploads\/2025\/03\/IMG_2002-1024x504.jpg\">\n\t\t\t\t\t<img decoding=\"async\" class=\"spectra-image-gallery__media-thumbnail spectra-image-gallery__media-thumbnail--carousel\" src=\"https:\/\/www.hvk-bo.de\/hvk_neu\/wp-content\/uploads\/2025\/03\/IMG_2002-300x148.jpg\" alt=\"\" loading=\"lazy\" \/>\n\t\t\t\t<\/picture>\n\t\t\t\t<div class=\"spectra-image-gallery__media-thumbnail-blurrer\"><\/div>\n\t\t\t\t\t\t\t\t\t\t\t<div class=\"spectra-image-gallery__media-thumbnail-caption-wrapper spectra-image-gallery__media-thumbnail-caption-wrapper--overlay\"><\/div>\n\t\t\t\t\t\t\t\t<\/div>\n\t\t\t\t\t\t<\/div>\n\t\t\t\t\t\t<div class='spectra-image-gallery__media-wrapper' data-spectra-gallery-image-id='3496'>\n\t\t\t\t\t\t\t<div class=\"spectra-image-gallery__media spectra-image-gallery__media--carousel\">\n\t\t\t\t<picture>\n\t\t\t\t\t<source media=\"(min-width: 1024px)\" srcset=\"https:\/\/www.hvk-bo.de\/hvk_neu\/wp-content\/uploads\/2025\/03\/IMG_2004-1024x462.jpg\">\n\t\t\t\t\t<source media=\"(min-width: 768px)\" srcset=\"https:\/\/www.hvk-bo.de\/hvk_neu\/wp-content\/uploads\/2025\/03\/IMG_2004-1024x462.jpg\">\n\t\t\t\t\t<img decoding=\"async\" class=\"spectra-image-gallery__media-thumbnail spectra-image-gallery__media-thumbnail--carousel\" src=\"https:\/\/www.hvk-bo.de\/hvk_neu\/wp-content\/uploads\/2025\/03\/IMG_2004-300x135.jpg\" alt=\"\" loading=\"lazy\" \/>\n\t\t\t\t<\/picture>\n\t\t\t\t<div class=\"spectra-image-gallery__media-thumbnail-blurrer\"><\/div>\n\t\t\t\t\t\t\t\t\t\t\t<div class=\"spectra-image-gallery__media-thumbnail-caption-wrapper spectra-image-gallery__media-thumbnail-caption-wrapper--overlay\"><\/div>\n\t\t\t\t\t\t\t\t<\/div>\n\t\t\t\t\t\t<\/div>\n\t\t\t\t\t\t<div class='spectra-image-gallery__media-wrapper' data-spectra-gallery-image-id='3497'>\n\t\t\t\t\t\t\t<div class=\"spectra-image-gallery__media spectra-image-gallery__media--carousel\">\n\t\t\t\t<picture>\n\t\t\t\t\t<source media=\"(min-width: 1024px)\" srcset=\"https:\/\/www.hvk-bo.de\/hvk_neu\/wp-content\/uploads\/2025\/03\/IMG_2005-1024x462.jpg\">\n\t\t\t\t\t<source media=\"(min-width: 768px)\" srcset=\"https:\/\/www.hvk-bo.de\/hvk_neu\/wp-content\/uploads\/2025\/03\/IMG_2005-1024x462.jpg\">\n\t\t\t\t\t<img decoding=\"async\" class=\"spectra-image-gallery__media-thumbnail spectra-image-gallery__media-thumbnail--carousel\" src=\"https:\/\/www.hvk-bo.de\/hvk_neu\/wp-content\/uploads\/2025\/03\/IMG_2005-300x135.jpg\" alt=\"\" loading=\"lazy\" \/>\n\t\t\t\t<\/picture>\n\t\t\t\t<div class=\"spectra-image-gallery__media-thumbnail-blurrer\"><\/div>\n\t\t\t\t\t\t\t\t\t\t\t<div class=\"spectra-image-gallery__media-thumbnail-caption-wrapper spectra-image-gallery__media-thumbnail-caption-wrapper--overlay\"><\/div>\n\t\t\t\t\t\t\t\t<\/div>\n\t\t\t\t\t\t<\/div>\n\t\t\t\t\t\t<div class='spectra-image-gallery__media-wrapper' data-spectra-gallery-image-id='3502'>\n\t\t\t\t\t\t\t<div class=\"spectra-image-gallery__media spectra-image-gallery__media--carousel\">\n\t\t\t\t<picture>\n\t\t\t\t\t<source media=\"(min-width: 1024px)\" srcset=\"https:\/\/www.hvk-bo.de\/hvk_neu\/wp-content\/uploads\/2025\/03\/IMG_2010-1024x462.jpg\">\n\t\t\t\t\t<source media=\"(min-width: 768px)\" srcset=\"https:\/\/www.hvk-bo.de\/hvk_neu\/wp-content\/uploads\/2025\/03\/IMG_2010-1024x462.jpg\">\n\t\t\t\t\t<img decoding=\"async\" class=\"spectra-image-gallery__media-thumbnail spectra-image-gallery__media-thumbnail--carousel\" src=\"https:\/\/www.hvk-bo.de\/hvk_neu\/wp-content\/uploads\/2025\/03\/IMG_2010-300x135.jpg\" alt=\"\" loading=\"lazy\" \/>\n\t\t\t\t<\/picture>\n\t\t\t\t<div class=\"spectra-image-gallery__media-thumbnail-blurrer\"><\/div>\n\t\t\t\t\t\t\t\t\t\t\t<div class=\"spectra-image-gallery__media-thumbnail-caption-wrapper spectra-image-gallery__media-thumbnail-caption-wrapper--overlay\"><\/div>\n\t\t\t\t\t\t\t\t<\/div>\n\t\t\t\t\t\t<\/div>\n\t\t\t\t\t\t<div class='spectra-image-gallery__media-wrapper' data-spectra-gallery-image-id='3499'>\n\t\t\t\t\t\t\t<div class=\"spectra-image-gallery__media spectra-image-gallery__media--carousel\">\n\t\t\t\t<picture>\n\t\t\t\t\t<source media=\"(min-width: 1024px)\" srcset=\"https:\/\/www.hvk-bo.de\/hvk_neu\/wp-content\/uploads\/2025\/03\/IMG_2007-1024x462.jpg\">\n\t\t\t\t\t<source media=\"(min-width: 768px)\" srcset=\"https:\/\/www.hvk-bo.de\/hvk_neu\/wp-content\/uploads\/2025\/03\/IMG_2007-1024x462.jpg\">\n\t\t\t\t\t<img decoding=\"async\" class=\"spectra-image-gallery__media-thumbnail spectra-image-gallery__media-thumbnail--carousel\" src=\"https:\/\/www.hvk-bo.de\/hvk_neu\/wp-content\/uploads\/2025\/03\/IMG_2007-300x135.jpg\" alt=\"\" loading=\"lazy\" \/>\n\t\t\t\t<\/picture>\n\t\t\t\t<div class=\"spectra-image-gallery__media-thumbnail-blurrer\"><\/div>\n\t\t\t\t\t\t\t\t\t\t\t<div class=\"spectra-image-gallery__media-thumbnail-caption-wrapper spectra-image-gallery__media-thumbnail-caption-wrapper--overlay\"><\/div>\n\t\t\t\t\t\t\t\t<\/div>\n\t\t\t\t\t\t<\/div>\n\t\t\t\t\t\t<div class='spectra-image-gallery__media-wrapper' data-spectra-gallery-image-id='3498'>\n\t\t\t\t\t\t\t<div class=\"spectra-image-gallery__media spectra-image-gallery__media--carousel\">\n\t\t\t\t<picture>\n\t\t\t\t\t<source media=\"(min-width: 1024px)\" srcset=\"https:\/\/www.hvk-bo.de\/hvk_neu\/wp-content\/uploads\/2025\/03\/IMG_2006-1024x564.jpg\">\n\t\t\t\t\t<source media=\"(min-width: 768px)\" srcset=\"https:\/\/www.hvk-bo.de\/hvk_neu\/wp-content\/uploads\/2025\/03\/IMG_2006-1024x564.jpg\">\n\t\t\t\t\t<img decoding=\"async\" class=\"spectra-image-gallery__media-thumbnail spectra-image-gallery__media-thumbnail--carousel\" src=\"https:\/\/www.hvk-bo.de\/hvk_neu\/wp-content\/uploads\/2025\/03\/IMG_2006-300x165.jpg\" alt=\"\" loading=\"lazy\" \/>\n\t\t\t\t<\/picture>\n\t\t\t\t<div class=\"spectra-image-gallery__media-thumbnail-blurrer\"><\/div>\n\t\t\t\t\t\t\t\t\t\t\t<div class=\"spectra-image-gallery__media-thumbnail-caption-wrapper spectra-image-gallery__media-thumbnail-caption-wrapper--overlay\"><\/div>\n\t\t\t\t\t\t\t\t<\/div>\n\t\t\t\t\t\t<\/div>\n\t\t\t\t\t\t\t\t\t\t\t<\/div>\n\t\t\t\t\t\t\t<\/div>\n\t\t\t\t\t\t\t\t\t\t\t<\/div>\n\t\t\t\t\t\t\t\t\t","protected":false},"excerpt":{"rendered":"<p>Das Forum war gut gef\u00fcllt zum multimedialen Abend und unsere Sch\u00fclerinnen und Sch\u00fcler haben wirklich eine beeindruckende Auff\u00fchrung auf die [&hellip;]<\/p>\n","protected":false},"author":4,"featured_media":3482,"comment_status":"closed","ping_status":"closed","sticky":false,"template":"","format":"standard","meta":{"_uag_custom_page_level_css":"","site-sidebar-layout":"default","site-content-layout":"","ast-site-content-layout":"default","site-content-style":"default","site-sidebar-style":"default","ast-global-header-display":"","ast-banner-title-visibility":"","ast-main-header-display":"","ast-hfb-above-header-display":"","ast-hfb-below-header-display":"","ast-hfb-mobile-header-display":"","site-post-title":"","ast-breadcrumbs-content":"","ast-featured-img":"","footer-sml-layout":"","ast-disable-related-posts":"","theme-transparent-header-meta":"","adv-header-id-meta":"","stick-header-meta":"","header-above-stick-meta":"","header-main-stick-meta":"","header-below-stick-meta":"","astra-migrate-meta-layouts":"default","ast-page-background-enabled":"default","ast-page-background-meta":{"desktop":{"background-color":"var(--ast-global-color-4)","background-image":"","background-repeat":"repeat","background-position":"center center","background-size":"auto","background-attachment":"scroll","background-type":"","background-media":"","overlay-type":"","overlay-color":"","overlay-opacity":"","overlay-gradient":""},"tablet":{"background-color":"","background-image":"","background-repeat":"repeat","background-position":"center center","background-size":"auto","background-attachment":"scroll","background-type":"","background-media":"","overlay-type":"","overlay-color":"","overlay-opacity":"","overlay-gradient":""},"mobile":{"background-color":"","background-image":"","background-repeat":"repeat","background-position":"center center","background-size":"auto","background-attachment":"scroll","background-type":"","background-media":"","overlay-type":"","overlay-color":"","overlay-opacity":"","overlay-gradient":""}},"ast-content-background-meta":{"desktop":{"background-color":"var(--ast-global-color-5)","background-image":"","background-repeat":"repeat","background-position":"center center","background-size":"auto","background-attachment":"scroll","background-type":"","background-media":"","overlay-type":"","overlay-color":"","overlay-opacity":"","overlay-gradient":""},"tablet":{"background-color":"var(--ast-global-color-5)","background-image":"","background-repeat":"repeat","background-position":"center center","background-size":"auto","background-attachment":"scroll","background-type":"","background-media":"","overlay-type":"","overlay-color":"","overlay-opacity":"","overlay-gradient":""},"mobile":{"background-color":"var(--ast-global-color-5)","background-image":"","background-repeat":"repeat","background-position":"center center","background-size":"auto","background-attachment":"scroll","background-type":"","background-media":"","overlay-type":"","overlay-color":"","overlay-opacity":"","overlay-gradient":""}},"footnotes":""},"categories":[7,1],"tags":[],"class_list":["post-3481","post","type-post","status-publish","format-standard","has-post-thumbnail","hentry","category-aktuell","category-allgemein"],"yoast_head":"<!-- This site is optimized with the Yoast SEO plugin v27.5 - https:\/\/yoast.com\/product\/yoast-seo-wordpress\/ -->\n<title>R\u00fcckblick auf den Multimedialen Themenabend am HvK - Heinrich-von-Kleist-Gymnasium<\/title>\n<meta name=\"robots\" content=\"index, follow, max-snippet:-1, max-image-preview:large, max-video-preview:-1\" \/>\n<link rel=\"canonical\" href=\"https:\/\/www.hvk-bo.de\/hvk_neu\/einladung-zum-multimedialen-themenabend-am-hvk\/\" \/>\n<meta property=\"og:locale\" content=\"de_DE\" \/>\n<meta property=\"og:type\" content=\"article\" \/>\n<meta property=\"og:title\" content=\"R\u00fcckblick auf den Multimedialen Themenabend am HvK - Heinrich-von-Kleist-Gymnasium\" \/>\n<meta property=\"og:description\" content=\"Das Forum war gut gef\u00fcllt zum multimedialen Abend und unsere Sch\u00fclerinnen und Sch\u00fcler haben wirklich eine beeindruckende Auff\u00fchrung auf die [&hellip;]\" \/>\n<meta property=\"og:url\" content=\"https:\/\/www.hvk-bo.de\/hvk_neu\/einladung-zum-multimedialen-themenabend-am-hvk\/\" \/>\n<meta property=\"og:site_name\" content=\"Heinrich-von-Kleist-Gymnasium\" \/>\n<meta property=\"article:published_time\" content=\"2025-03-13T10:23:43+00:00\" \/>\n<meta property=\"article:modified_time\" content=\"2025-04-01T08:17:35+00:00\" \/>\n<meta property=\"og:image\" content=\"https:\/\/www.hvk-bo.de\/hvk_neu\/wp-content\/uploads\/2025\/03\/Plakat-multimedialer-Abend.png\" \/>\n\t<meta property=\"og:image:width\" content=\"1587\" \/>\n\t<meta property=\"og:image:height\" content=\"2245\" \/>\n\t<meta property=\"og:image:type\" content=\"image\/png\" \/>\n<meta name=\"author\" content=\"Michael Bra\u00df\" \/>\n<meta name=\"twitter:card\" content=\"summary_large_image\" \/>\n<meta name=\"twitter:label1\" content=\"Verfasst von\" \/>\n\t<meta name=\"twitter:data1\" content=\"Michael Bra\u00df\" \/>\n\t<meta name=\"twitter:label2\" content=\"Gesch\u00e4tzte Lesezeit\" \/>\n\t<meta name=\"twitter:data2\" content=\"2\u00a0Minuten\" \/>\n<script type=\"application\/ld+json\" class=\"yoast-schema-graph\">{\"@context\":\"https:\\\/\\\/schema.org\",\"@graph\":[{\"@type\":\"Article\",\"@id\":\"https:\\\/\\\/www.hvk-bo.de\\\/hvk_neu\\\/einladung-zum-multimedialen-themenabend-am-hvk\\\/#article\",\"isPartOf\":{\"@id\":\"https:\\\/\\\/www.hvk-bo.de\\\/hvk_neu\\\/einladung-zum-multimedialen-themenabend-am-hvk\\\/\"},\"author\":{\"name\":\"Michael Bra\u00df\",\"@id\":\"https:\\\/\\\/www.hvk-bo.de\\\/hvk_neu\\\/#\\\/schema\\\/person\\\/794a75d9b26b9307332ae4520c485be1\"},\"headline\":\"R\u00fcckblick auf den Multimedialen Themenabend am HvK\",\"datePublished\":\"2025-03-13T10:23:43+00:00\",\"dateModified\":\"2025-04-01T08:17:35+00:00\",\"mainEntityOfPage\":{\"@id\":\"https:\\\/\\\/www.hvk-bo.de\\\/hvk_neu\\\/einladung-zum-multimedialen-themenabend-am-hvk\\\/\"},\"wordCount\":143,\"publisher\":{\"@id\":\"https:\\\/\\\/www.hvk-bo.de\\\/hvk_neu\\\/#organization\"},\"image\":{\"@id\":\"https:\\\/\\\/www.hvk-bo.de\\\/hvk_neu\\\/einladung-zum-multimedialen-themenabend-am-hvk\\\/#primaryimage\"},\"thumbnailUrl\":\"https:\\\/\\\/www.hvk-bo.de\\\/hvk_neu\\\/wp-content\\\/uploads\\\/2025\\\/03\\\/Plakat-multimedialer-Abend.png\",\"articleSection\":[\"Aktuelles\"],\"inLanguage\":\"de\"},{\"@type\":\"WebPage\",\"@id\":\"https:\\\/\\\/www.hvk-bo.de\\\/hvk_neu\\\/einladung-zum-multimedialen-themenabend-am-hvk\\\/\",\"url\":\"https:\\\/\\\/www.hvk-bo.de\\\/hvk_neu\\\/einladung-zum-multimedialen-themenabend-am-hvk\\\/\",\"name\":\"R\u00fcckblick auf den Multimedialen Themenabend am HvK - Heinrich-von-Kleist-Gymnasium\",\"isPartOf\":{\"@id\":\"https:\\\/\\\/www.hvk-bo.de\\\/hvk_neu\\\/#website\"},\"primaryImageOfPage\":{\"@id\":\"https:\\\/\\\/www.hvk-bo.de\\\/hvk_neu\\\/einladung-zum-multimedialen-themenabend-am-hvk\\\/#primaryimage\"},\"image\":{\"@id\":\"https:\\\/\\\/www.hvk-bo.de\\\/hvk_neu\\\/einladung-zum-multimedialen-themenabend-am-hvk\\\/#primaryimage\"},\"thumbnailUrl\":\"https:\\\/\\\/www.hvk-bo.de\\\/hvk_neu\\\/wp-content\\\/uploads\\\/2025\\\/03\\\/Plakat-multimedialer-Abend.png\",\"datePublished\":\"2025-03-13T10:23:43+00:00\",\"dateModified\":\"2025-04-01T08:17:35+00:00\",\"breadcrumb\":{\"@id\":\"https:\\\/\\\/www.hvk-bo.de\\\/hvk_neu\\\/einladung-zum-multimedialen-themenabend-am-hvk\\\/#breadcrumb\"},\"inLanguage\":\"de\",\"potentialAction\":[{\"@type\":\"ReadAction\",\"target\":[\"https:\\\/\\\/www.hvk-bo.de\\\/hvk_neu\\\/einladung-zum-multimedialen-themenabend-am-hvk\\\/\"]}]},{\"@type\":\"ImageObject\",\"inLanguage\":\"de\",\"@id\":\"https:\\\/\\\/www.hvk-bo.de\\\/hvk_neu\\\/einladung-zum-multimedialen-themenabend-am-hvk\\\/#primaryimage\",\"url\":\"https:\\\/\\\/www.hvk-bo.de\\\/hvk_neu\\\/wp-content\\\/uploads\\\/2025\\\/03\\\/Plakat-multimedialer-Abend.png\",\"contentUrl\":\"https:\\\/\\\/www.hvk-bo.de\\\/hvk_neu\\\/wp-content\\\/uploads\\\/2025\\\/03\\\/Plakat-multimedialer-Abend.png\",\"width\":1587,\"height\":2245},{\"@type\":\"BreadcrumbList\",\"@id\":\"https:\\\/\\\/www.hvk-bo.de\\\/hvk_neu\\\/einladung-zum-multimedialen-themenabend-am-hvk\\\/#breadcrumb\",\"itemListElement\":[{\"@type\":\"ListItem\",\"position\":1,\"name\":\"Startseite\",\"item\":\"https:\\\/\\\/www.hvk-bo.de\\\/hvk_neu\\\/\"},{\"@type\":\"ListItem\",\"position\":2,\"name\":\"R\u00fcckblick auf den Multimedialen Themenabend am HvK\"}]},{\"@type\":\"WebSite\",\"@id\":\"https:\\\/\\\/www.hvk-bo.de\\\/hvk_neu\\\/#website\",\"url\":\"https:\\\/\\\/www.hvk-bo.de\\\/hvk_neu\\\/\",\"name\":\"Heinrich-von-Kleist-Gymnasium\",\"description\":\"Ganztagsgymnasium\",\"publisher\":{\"@id\":\"https:\\\/\\\/www.hvk-bo.de\\\/hvk_neu\\\/#organization\"},\"alternateName\":\"HvK Bochum\",\"potentialAction\":[{\"@type\":\"SearchAction\",\"target\":{\"@type\":\"EntryPoint\",\"urlTemplate\":\"https:\\\/\\\/www.hvk-bo.de\\\/hvk_neu\\\/?s={search_term_string}\"},\"query-input\":{\"@type\":\"PropertyValueSpecification\",\"valueRequired\":true,\"valueName\":\"search_term_string\"}}],\"inLanguage\":\"de\"},{\"@type\":\"Organization\",\"@id\":\"https:\\\/\\\/www.hvk-bo.de\\\/hvk_neu\\\/#organization\",\"name\":\"Heinrich-von-Kleist-Gymnasium\",\"alternateName\":\"HvK Bochum\",\"url\":\"https:\\\/\\\/www.hvk-bo.de\\\/hvk_neu\\\/\",\"logo\":{\"@type\":\"ImageObject\",\"inLanguage\":\"de\",\"@id\":\"https:\\\/\\\/www.hvk-bo.de\\\/hvk_neu\\\/#\\\/schema\\\/logo\\\/image\\\/\",\"url\":\"https:\\\/\\\/www.hvk-bo.de\\\/hvk_neu\\\/wp-content\\\/uploads\\\/2024\\\/06\\\/HvK_Logo_klein.png\",\"contentUrl\":\"https:\\\/\\\/www.hvk-bo.de\\\/hvk_neu\\\/wp-content\\\/uploads\\\/2024\\\/06\\\/HvK_Logo_klein.png\",\"width\":512,\"height\":512,\"caption\":\"Heinrich-von-Kleist-Gymnasium\"},\"image\":{\"@id\":\"https:\\\/\\\/www.hvk-bo.de\\\/hvk_neu\\\/#\\\/schema\\\/logo\\\/image\\\/\"}},{\"@type\":\"Person\",\"@id\":\"https:\\\/\\\/www.hvk-bo.de\\\/hvk_neu\\\/#\\\/schema\\\/person\\\/794a75d9b26b9307332ae4520c485be1\",\"name\":\"Michael Bra\u00df\",\"image\":{\"@type\":\"ImageObject\",\"inLanguage\":\"de\",\"@id\":\"https:\\\/\\\/secure.gravatar.com\\\/avatar\\\/4d4f3173b0525d68b6dd40a3b8a251b7175e4562a8b9dca3165604270abc96ec?s=96&d=mm&r=g\",\"url\":\"https:\\\/\\\/secure.gravatar.com\\\/avatar\\\/4d4f3173b0525d68b6dd40a3b8a251b7175e4562a8b9dca3165604270abc96ec?s=96&d=mm&r=g\",\"contentUrl\":\"https:\\\/\\\/secure.gravatar.com\\\/avatar\\\/4d4f3173b0525d68b6dd40a3b8a251b7175e4562a8b9dca3165604270abc96ec?s=96&d=mm&r=g\",\"caption\":\"Michael Bra\u00df\"},\"url\":\"https:\\\/\\\/www.hvk-bo.de\\\/hvk_neu\\\/author\\\/m_brass\\\/\"}]}<\/script>\n<!-- \/ Yoast SEO plugin. -->","yoast_head_json":{"title":"R\u00fcckblick auf den Multimedialen Themenabend am HvK - Heinrich-von-Kleist-Gymnasium","robots":{"index":"index","follow":"follow","max-snippet":"max-snippet:-1","max-image-preview":"max-image-preview:large","max-video-preview":"max-video-preview:-1"},"canonical":"https:\/\/www.hvk-bo.de\/hvk_neu\/einladung-zum-multimedialen-themenabend-am-hvk\/","og_locale":"de_DE","og_type":"article","og_title":"R\u00fcckblick auf den Multimedialen Themenabend am HvK - Heinrich-von-Kleist-Gymnasium","og_description":"Das Forum war gut gef\u00fcllt zum multimedialen Abend und unsere Sch\u00fclerinnen und Sch\u00fcler haben wirklich eine beeindruckende Auff\u00fchrung auf die [&hellip;]","og_url":"https:\/\/www.hvk-bo.de\/hvk_neu\/einladung-zum-multimedialen-themenabend-am-hvk\/","og_site_name":"Heinrich-von-Kleist-Gymnasium","article_published_time":"2025-03-13T10:23:43+00:00","article_modified_time":"2025-04-01T08:17:35+00:00","og_image":[{"width":1587,"height":2245,"url":"https:\/\/www.hvk-bo.de\/hvk_neu\/wp-content\/uploads\/2025\/03\/Plakat-multimedialer-Abend.png","type":"image\/png"}],"author":"Michael Bra\u00df","twitter_card":"summary_large_image","twitter_misc":{"Verfasst von":"Michael Bra\u00df","Gesch\u00e4tzte Lesezeit":"2\u00a0Minuten"},"schema":{"@context":"https:\/\/schema.org","@graph":[{"@type":"Article","@id":"https:\/\/www.hvk-bo.de\/hvk_neu\/einladung-zum-multimedialen-themenabend-am-hvk\/#article","isPartOf":{"@id":"https:\/\/www.hvk-bo.de\/hvk_neu\/einladung-zum-multimedialen-themenabend-am-hvk\/"},"author":{"name":"Michael Bra\u00df","@id":"https:\/\/www.hvk-bo.de\/hvk_neu\/#\/schema\/person\/794a75d9b26b9307332ae4520c485be1"},"headline":"R\u00fcckblick auf den Multimedialen Themenabend am HvK","datePublished":"2025-03-13T10:23:43+00:00","dateModified":"2025-04-01T08:17:35+00:00","mainEntityOfPage":{"@id":"https:\/\/www.hvk-bo.de\/hvk_neu\/einladung-zum-multimedialen-themenabend-am-hvk\/"},"wordCount":143,"publisher":{"@id":"https:\/\/www.hvk-bo.de\/hvk_neu\/#organization"},"image":{"@id":"https:\/\/www.hvk-bo.de\/hvk_neu\/einladung-zum-multimedialen-themenabend-am-hvk\/#primaryimage"},"thumbnailUrl":"https:\/\/www.hvk-bo.de\/hvk_neu\/wp-content\/uploads\/2025\/03\/Plakat-multimedialer-Abend.png","articleSection":["Aktuelles"],"inLanguage":"de"},{"@type":"WebPage","@id":"https:\/\/www.hvk-bo.de\/hvk_neu\/einladung-zum-multimedialen-themenabend-am-hvk\/","url":"https:\/\/www.hvk-bo.de\/hvk_neu\/einladung-zum-multimedialen-themenabend-am-hvk\/","name":"R\u00fcckblick auf den Multimedialen Themenabend am HvK - Heinrich-von-Kleist-Gymnasium","isPartOf":{"@id":"https:\/\/www.hvk-bo.de\/hvk_neu\/#website"},"primaryImageOfPage":{"@id":"https:\/\/www.hvk-bo.de\/hvk_neu\/einladung-zum-multimedialen-themenabend-am-hvk\/#primaryimage"},"image":{"@id":"https:\/\/www.hvk-bo.de\/hvk_neu\/einladung-zum-multimedialen-themenabend-am-hvk\/#primaryimage"},"thumbnailUrl":"https:\/\/www.hvk-bo.de\/hvk_neu\/wp-content\/uploads\/2025\/03\/Plakat-multimedialer-Abend.png","datePublished":"2025-03-13T10:23:43+00:00","dateModified":"2025-04-01T08:17:35+00:00","breadcrumb":{"@id":"https:\/\/www.hvk-bo.de\/hvk_neu\/einladung-zum-multimedialen-themenabend-am-hvk\/#breadcrumb"},"inLanguage":"de","potentialAction":[{"@type":"ReadAction","target":["https:\/\/www.hvk-bo.de\/hvk_neu\/einladung-zum-multimedialen-themenabend-am-hvk\/"]}]},{"@type":"ImageObject","inLanguage":"de","@id":"https:\/\/www.hvk-bo.de\/hvk_neu\/einladung-zum-multimedialen-themenabend-am-hvk\/#primaryimage","url":"https:\/\/www.hvk-bo.de\/hvk_neu\/wp-content\/uploads\/2025\/03\/Plakat-multimedialer-Abend.png","contentUrl":"https:\/\/www.hvk-bo.de\/hvk_neu\/wp-content\/uploads\/2025\/03\/Plakat-multimedialer-Abend.png","width":1587,"height":2245},{"@type":"BreadcrumbList","@id":"https:\/\/www.hvk-bo.de\/hvk_neu\/einladung-zum-multimedialen-themenabend-am-hvk\/#breadcrumb","itemListElement":[{"@type":"ListItem","position":1,"name":"Startseite","item":"https:\/\/www.hvk-bo.de\/hvk_neu\/"},{"@type":"ListItem","position":2,"name":"R\u00fcckblick auf den Multimedialen Themenabend am HvK"}]},{"@type":"WebSite","@id":"https:\/\/www.hvk-bo.de\/hvk_neu\/#website","url":"https:\/\/www.hvk-bo.de\/hvk_neu\/","name":"Heinrich-von-Kleist-Gymnasium","description":"Ganztagsgymnasium","publisher":{"@id":"https:\/\/www.hvk-bo.de\/hvk_neu\/#organization"},"alternateName":"HvK Bochum","potentialAction":[{"@type":"SearchAction","target":{"@type":"EntryPoint","urlTemplate":"https:\/\/www.hvk-bo.de\/hvk_neu\/?s={search_term_string}"},"query-input":{"@type":"PropertyValueSpecification","valueRequired":true,"valueName":"search_term_string"}}],"inLanguage":"de"},{"@type":"Organization","@id":"https:\/\/www.hvk-bo.de\/hvk_neu\/#organization","name":"Heinrich-von-Kleist-Gymnasium","alternateName":"HvK Bochum","url":"https:\/\/www.hvk-bo.de\/hvk_neu\/","logo":{"@type":"ImageObject","inLanguage":"de","@id":"https:\/\/www.hvk-bo.de\/hvk_neu\/#\/schema\/logo\/image\/","url":"https:\/\/www.hvk-bo.de\/hvk_neu\/wp-content\/uploads\/2024\/06\/HvK_Logo_klein.png","contentUrl":"https:\/\/www.hvk-bo.de\/hvk_neu\/wp-content\/uploads\/2024\/06\/HvK_Logo_klein.png","width":512,"height":512,"caption":"Heinrich-von-Kleist-Gymnasium"},"image":{"@id":"https:\/\/www.hvk-bo.de\/hvk_neu\/#\/schema\/logo\/image\/"}},{"@type":"Person","@id":"https:\/\/www.hvk-bo.de\/hvk_neu\/#\/schema\/person\/794a75d9b26b9307332ae4520c485be1","name":"Michael Bra\u00df","image":{"@type":"ImageObject","inLanguage":"de","@id":"https:\/\/secure.gravatar.com\/avatar\/4d4f3173b0525d68b6dd40a3b8a251b7175e4562a8b9dca3165604270abc96ec?s=96&d=mm&r=g","url":"https:\/\/secure.gravatar.com\/avatar\/4d4f3173b0525d68b6dd40a3b8a251b7175e4562a8b9dca3165604270abc96ec?s=96&d=mm&r=g","contentUrl":"https:\/\/secure.gravatar.com\/avatar\/4d4f3173b0525d68b6dd40a3b8a251b7175e4562a8b9dca3165604270abc96ec?s=96&d=mm&r=g","caption":"Michael Bra\u00df"},"url":"https:\/\/www.hvk-bo.de\/hvk_neu\/author\/m_brass\/"}]}},"uagb_featured_image_src":{"full":["https:\/\/www.hvk-bo.de\/hvk_neu\/wp-content\/uploads\/2025\/03\/Plakat-multimedialer-Abend.png",1587,2245,false],"thumbnail":["https:\/\/www.hvk-bo.de\/hvk_neu\/wp-content\/uploads\/2025\/03\/Plakat-multimedialer-Abend-150x150.png",150,150,true],"medium":["https:\/\/www.hvk-bo.de\/hvk_neu\/wp-content\/uploads\/2025\/03\/Plakat-multimedialer-Abend-212x300.png",212,300,true],"medium_large":["https:\/\/www.hvk-bo.de\/hvk_neu\/wp-content\/uploads\/2025\/03\/Plakat-multimedialer-Abend-768x1086.png",768,1086,true],"large":["https:\/\/www.hvk-bo.de\/hvk_neu\/wp-content\/uploads\/2025\/03\/Plakat-multimedialer-Abend-724x1024.png",724,1024,true],"1536x1536":["https:\/\/www.hvk-bo.de\/hvk_neu\/wp-content\/uploads\/2025\/03\/Plakat-multimedialer-Abend-1086x1536.png",1086,1536,true],"2048x2048":["https:\/\/www.hvk-bo.de\/hvk_neu\/wp-content\/uploads\/2025\/03\/Plakat-multimedialer-Abend-1448x2048.png",1448,2048,true]},"uagb_author_info":{"display_name":"Michael Bra\u00df","author_link":"https:\/\/www.hvk-bo.de\/hvk_neu\/author\/m_brass\/"},"uagb_comment_info":0,"uagb_excerpt":"Das Forum war gut gef\u00fcllt zum multimedialen Abend und unsere Sch\u00fclerinnen und Sch\u00fcler haben wirklich eine beeindruckende Auff\u00fchrung auf die [&hellip;]","_links":{"self":[{"href":"https:\/\/www.hvk-bo.de\/hvk_neu\/wp-json\/wp\/v2\/posts\/3481","targetHints":{"allow":["GET"]}}],"collection":[{"href":"https:\/\/www.hvk-bo.de\/hvk_neu\/wp-json\/wp\/v2\/posts"}],"about":[{"href":"https:\/\/www.hvk-bo.de\/hvk_neu\/wp-json\/wp\/v2\/types\/post"}],"author":[{"embeddable":true,"href":"https:\/\/www.hvk-bo.de\/hvk_neu\/wp-json\/wp\/v2\/users\/4"}],"replies":[{"embeddable":true,"href":"https:\/\/www.hvk-bo.de\/hvk_neu\/wp-json\/wp\/v2\/comments?post=3481"}],"version-history":[{"count":9,"href":"https:\/\/www.hvk-bo.de\/hvk_neu\/wp-json\/wp\/v2\/posts\/3481\/revisions"}],"predecessor-version":[{"id":3513,"href":"https:\/\/www.hvk-bo.de\/hvk_neu\/wp-json\/wp\/v2\/posts\/3481\/revisions\/3513"}],"wp:featuredmedia":[{"embeddable":true,"href":"https:\/\/www.hvk-bo.de\/hvk_neu\/wp-json\/wp\/v2\/media\/3482"}],"wp:attachment":[{"href":"https:\/\/www.hvk-bo.de\/hvk_neu\/wp-json\/wp\/v2\/media?parent=3481"}],"wp:term":[{"taxonomy":"category","embeddable":true,"href":"https:\/\/www.hvk-bo.de\/hvk_neu\/wp-json\/wp\/v2\/categories?post=3481"},{"taxonomy":"post_tag","embeddable":true,"href":"https:\/\/www.hvk-bo.de\/hvk_neu\/wp-json\/wp\/v2\/tags?post=3481"}],"curies":[{"name":"wp","href":"https:\/\/api.w.org\/{rel}","templated":true}]}}