{"id":3569,"date":"2025-06-27T09:24:16","date_gmt":"2025-06-27T07:24:16","guid":{"rendered":"https:\/\/www.hvk-bo.de\/hvk_neu\/?p=3569"},"modified":"2025-07-05T15:16:09","modified_gmt":"2025-07-05T13:16:09","slug":"hvk-gewinnt-erneut-inklusionsturnier","status":"publish","type":"post","link":"https:\/\/www.hvk-bo.de\/hvk_neu\/hvk-gewinnt-erneut-inklusionsturnier\/","title":{"rendered":"Hvk gewinnt erneut Inklusionsturnier"},"content":{"rendered":"\n<div class=\"wp-block-uagb-container uagb-block-cc86ffce alignfull uagb-is-root-container\"><div class=\"uagb-container-inner-blocks-wrap\">\n<div class=\"wp-block-media-text is-stacked-on-mobile\"><figure class=\"wp-block-media-text__media\"><img loading=\"lazy\" decoding=\"async\" width=\"1024\" height=\"768\" src=\"https:\/\/www.hvk-bo.de\/hvk_neu\/wp-content\/uploads\/2025\/06\/Inklus-Fussball-1-1024x768.jpg\" alt=\"\" class=\"wp-image-3570 size-full\" srcset=\"https:\/\/www.hvk-bo.de\/hvk_neu\/wp-content\/uploads\/2025\/06\/Inklus-Fussball-1-1024x768.jpg 1024w, https:\/\/www.hvk-bo.de\/hvk_neu\/wp-content\/uploads\/2025\/06\/Inklus-Fussball-1-300x225.jpg 300w, https:\/\/www.hvk-bo.de\/hvk_neu\/wp-content\/uploads\/2025\/06\/Inklus-Fussball-1-768x576.jpg 768w, https:\/\/www.hvk-bo.de\/hvk_neu\/wp-content\/uploads\/2025\/06\/Inklus-Fussball-1-1536x1152.jpg 1536w, https:\/\/www.hvk-bo.de\/hvk_neu\/wp-content\/uploads\/2025\/06\/Inklus-Fussball-1.jpg 1920w\" sizes=\"auto, (max-width: 1024px) 100vw, 1024px\" \/><\/figure><div class=\"wp-block-media-text__content\">\n<p>Das Heinrich-von-Kleist-Gymnasium gewann am gestrigen Donnerstag (26.06.2025) zusammen mit ihrer Kooperationsschule, der Hilda-Heinemann Schule &#8211; einer F\u00f6rderschule f\u00fcr geistige Entwicklung \u2013 erneut das Inklusionsfu\u00dfballturnier auf Schalke. Im Rahmen des Projektes \u201eSchalke hilft\u201c, in Kooperation mit der Hansaschule Gelsenkirchen, fand zum wiederholten Male das Turnier im Schatten der Veltinsarena auf dem Trainingsgel\u00e4nde des Schalke 04 statt. Dieses j\u00e4hrlich stattfindende Turnier konnten die beiden Schulen bereits vor Corona mehrfach f\u00fcr sich entscheiden, dementsprechend ging es mit einiger Erwartung an den Stan Libuda Weg. Nach dem Sieg im letzten Jahr \u2013 der Pokal kann im Sekretariat bewundert werden \u2013 musste die Mannschaft auf gymnasialer Seite komplett ersetzt werden. Da sich die zehnten Klassen aktuell im Praktikum befinden, lag die Verantwortung f\u00fcr ein erfolgreiches Abschneiden bei den Achtern und die erledigten ihre Aufgabe bravur\u00f6s. Mit 5:0 Siegen und einem Torverh\u00e4ltnis von 18:2 gewann man souver\u00e4n das diesj\u00e4hrige Turnier und konnte an die Erfolge der letzten Jahre ankn\u00fcpfen. <\/p>\n<\/div><\/div>\n\n\n\n<div class=\"wp-block-media-text has-media-on-the-right is-stacked-on-mobile\"><div class=\"wp-block-media-text__content\">\n<p>Die Jungs zeigten in beeindruckender Weise, dass Sport verbindet und soziale Grenzen \u00fcberwinden kann.<br><br>Wir bedanken uns f\u00fcr ihre sportlichen Leistungen und ihr soziales Engagement bei:<br>Philip R\u00f6hrig<br>Maximilian Wagner<br>Jason Jedrowiak<br>Elias Wilke<br>Aland Aran<br>David Schulze<br>(Marius Ringleb) am Spieltag leider erkrankt<\/p>\n<\/div><figure class=\"wp-block-media-text__media\"><img loading=\"lazy\" decoding=\"async\" width=\"1024\" height=\"768\" src=\"https:\/\/www.hvk-bo.de\/hvk_neu\/wp-content\/uploads\/2025\/06\/Inklus-Fussball-2-1024x768.jpg\" alt=\"\" class=\"wp-image-3571 size-full\" srcset=\"https:\/\/www.hvk-bo.de\/hvk_neu\/wp-content\/uploads\/2025\/06\/Inklus-Fussball-2-1024x768.jpg 1024w, https:\/\/www.hvk-bo.de\/hvk_neu\/wp-content\/uploads\/2025\/06\/Inklus-Fussball-2-300x225.jpg 300w, https:\/\/www.hvk-bo.de\/hvk_neu\/wp-content\/uploads\/2025\/06\/Inklus-Fussball-2-768x576.jpg 768w, https:\/\/www.hvk-bo.de\/hvk_neu\/wp-content\/uploads\/2025\/06\/Inklus-Fussball-2-1536x1152.jpg 1536w, https:\/\/www.hvk-bo.de\/hvk_neu\/wp-content\/uploads\/2025\/06\/Inklus-Fussball-2.jpg 1600w\" sizes=\"auto, (max-width: 1024px) 100vw, 1024px\" \/><\/figure><\/div>\n<\/div><\/div>\n","protected":false},"excerpt":{"rendered":"<p>Das Heinrich-von-Kleist-Gymnasium gewann am gestrigen Donnerstag (26.06.2025) zusammen mit ihrer Kooperationsschule, der Hilda-Heinemann Schule &#8211; einer F\u00f6rderschule f\u00fcr geistige Entwicklung [&hellip;]<\/p>\n","protected":false},"author":4,"featured_media":3605,"comment_status":"closed","ping_status":"closed","sticky":false,"template":"","format":"standard","meta":{"_uag_custom_page_level_css":"","site-sidebar-layout":"default","site-content-layout":"","ast-site-content-layout":"default","site-content-style":"default","site-sidebar-style":"default","ast-global-header-display":"","ast-banner-title-visibility":"","ast-main-header-display":"","ast-hfb-above-header-display":"","ast-hfb-below-header-display":"","ast-hfb-mobile-header-display":"","site-post-title":"","ast-breadcrumbs-content":"","ast-featured-img":"","footer-sml-layout":"","ast-disable-related-posts":"","theme-transparent-header-meta":"","adv-header-id-meta":"","stick-header-meta":"","header-above-stick-meta":"","header-main-stick-meta":"","header-below-stick-meta":"","astra-migrate-meta-layouts":"default","ast-page-background-enabled":"default","ast-page-background-meta":{"desktop":{"background-color":"var(--ast-global-color-4)","background-image":"","background-repeat":"repeat","background-position":"center center","background-size":"auto","background-attachment":"scroll","background-type":"","background-media":"","overlay-type":"","overlay-color":"","overlay-opacity":"","overlay-gradient":""},"tablet":{"background-color":"","background-image":"","background-repeat":"repeat","background-position":"center center","background-size":"auto","background-attachment":"scroll","background-type":"","background-media":"","overlay-type":"","overlay-color":"","overlay-opacity":"","overlay-gradient":""},"mobile":{"background-color":"","background-image":"","background-repeat":"repeat","background-position":"center center","background-size":"auto","background-attachment":"scroll","background-type":"","background-media":"","overlay-type":"","overlay-color":"","overlay-opacity":"","overlay-gradient":""}},"ast-content-background-meta":{"desktop":{"background-color":"var(--ast-global-color-5)","background-image":"","background-repeat":"repeat","background-position":"center center","background-size":"auto","background-attachment":"scroll","background-type":"","background-media":"","overlay-type":"","overlay-color":"","overlay-opacity":"","overlay-gradient":""},"tablet":{"background-color":"var(--ast-global-color-5)","background-image":"","background-repeat":"repeat","background-position":"center center","background-size":"auto","background-attachment":"scroll","background-type":"","background-media":"","overlay-type":"","overlay-color":"","overlay-opacity":"","overlay-gradient":""},"mobile":{"background-color":"var(--ast-global-color-5)","background-image":"","background-repeat":"repeat","background-position":"center center","background-size":"auto","background-attachment":"scroll","background-type":"","background-media":"","overlay-type":"","overlay-color":"","overlay-opacity":"","overlay-gradient":""}},"footnotes":""},"categories":[7,1],"tags":[],"class_list":["post-3569","post","type-post","status-publish","format-standard","has-post-thumbnail","hentry","category-aktuell","category-allgemein"],"yoast_head":"<!-- This site is optimized with the Yoast SEO plugin v27.5 - https:\/\/yoast.com\/product\/yoast-seo-wordpress\/ -->\n<title>Hvk gewinnt erneut Inklusionsturnier - Heinrich-von-Kleist-Gymnasium<\/title>\n<meta name=\"robots\" content=\"index, follow, max-snippet:-1, max-image-preview:large, max-video-preview:-1\" \/>\n<link rel=\"canonical\" href=\"https:\/\/www.hvk-bo.de\/hvk_neu\/hvk-gewinnt-erneut-inklusionsturnier\/\" \/>\n<meta property=\"og:locale\" content=\"de_DE\" \/>\n<meta property=\"og:type\" content=\"article\" \/>\n<meta property=\"og:title\" content=\"Hvk gewinnt erneut Inklusionsturnier - Heinrich-von-Kleist-Gymnasium\" \/>\n<meta property=\"og:description\" content=\"Das Heinrich-von-Kleist-Gymnasium gewann am gestrigen Donnerstag (26.06.2025) zusammen mit ihrer Kooperationsschule, der Hilda-Heinemann Schule &#8211; einer F\u00f6rderschule f\u00fcr geistige Entwicklung [&hellip;]\" \/>\n<meta property=\"og:url\" content=\"https:\/\/www.hvk-bo.de\/hvk_neu\/hvk-gewinnt-erneut-inklusionsturnier\/\" \/>\n<meta property=\"og:site_name\" content=\"Heinrich-von-Kleist-Gymnasium\" \/>\n<meta property=\"article:published_time\" content=\"2025-06-27T07:24:16+00:00\" \/>\n<meta property=\"article:modified_time\" content=\"2025-07-05T13:16:09+00:00\" \/>\n<meta property=\"og:image\" content=\"https:\/\/www.hvk-bo.de\/hvk_neu\/wp-content\/uploads\/2025\/07\/Inklus-Fussball-1_teaser.webp\" \/>\n\t<meta property=\"og:image:width\" content=\"540\" \/>\n\t<meta property=\"og:image:height\" content=\"360\" \/>\n\t<meta property=\"og:image:type\" content=\"image\/webp\" \/>\n<meta name=\"author\" content=\"Michael Bra\u00df\" \/>\n<meta name=\"twitter:card\" content=\"summary_large_image\" \/>\n<meta name=\"twitter:label1\" content=\"Verfasst von\" \/>\n\t<meta name=\"twitter:data1\" content=\"Michael Bra\u00df\" \/>\n\t<meta name=\"twitter:label2\" content=\"Gesch\u00e4tzte Lesezeit\" \/>\n\t<meta name=\"twitter:data2\" content=\"2\u00a0Minuten\" \/>\n<script type=\"application\/ld+json\" class=\"yoast-schema-graph\">{\"@context\":\"https:\\\/\\\/schema.org\",\"@graph\":[{\"@type\":\"Article\",\"@id\":\"https:\\\/\\\/www.hvk-bo.de\\\/hvk_neu\\\/hvk-gewinnt-erneut-inklusionsturnier\\\/#article\",\"isPartOf\":{\"@id\":\"https:\\\/\\\/www.hvk-bo.de\\\/hvk_neu\\\/hvk-gewinnt-erneut-inklusionsturnier\\\/\"},\"author\":{\"name\":\"Michael Bra\u00df\",\"@id\":\"https:\\\/\\\/www.hvk-bo.de\\\/hvk_neu\\\/#\\\/schema\\\/person\\\/794a75d9b26b9307332ae4520c485be1\"},\"headline\":\"Hvk gewinnt erneut Inklusionsturnier\",\"datePublished\":\"2025-06-27T07:24:16+00:00\",\"dateModified\":\"2025-07-05T13:16:09+00:00\",\"mainEntityOfPage\":{\"@id\":\"https:\\\/\\\/www.hvk-bo.de\\\/hvk_neu\\\/hvk-gewinnt-erneut-inklusionsturnier\\\/\"},\"wordCount\":203,\"publisher\":{\"@id\":\"https:\\\/\\\/www.hvk-bo.de\\\/hvk_neu\\\/#organization\"},\"image\":{\"@id\":\"https:\\\/\\\/www.hvk-bo.de\\\/hvk_neu\\\/hvk-gewinnt-erneut-inklusionsturnier\\\/#primaryimage\"},\"thumbnailUrl\":\"https:\\\/\\\/www.hvk-bo.de\\\/hvk_neu\\\/wp-content\\\/uploads\\\/2025\\\/07\\\/Inklus-Fussball-1_teaser.webp\",\"articleSection\":[\"Aktuelles\"],\"inLanguage\":\"de\"},{\"@type\":\"WebPage\",\"@id\":\"https:\\\/\\\/www.hvk-bo.de\\\/hvk_neu\\\/hvk-gewinnt-erneut-inklusionsturnier\\\/\",\"url\":\"https:\\\/\\\/www.hvk-bo.de\\\/hvk_neu\\\/hvk-gewinnt-erneut-inklusionsturnier\\\/\",\"name\":\"Hvk gewinnt erneut Inklusionsturnier - Heinrich-von-Kleist-Gymnasium\",\"isPartOf\":{\"@id\":\"https:\\\/\\\/www.hvk-bo.de\\\/hvk_neu\\\/#website\"},\"primaryImageOfPage\":{\"@id\":\"https:\\\/\\\/www.hvk-bo.de\\\/hvk_neu\\\/hvk-gewinnt-erneut-inklusionsturnier\\\/#primaryimage\"},\"image\":{\"@id\":\"https:\\\/\\\/www.hvk-bo.de\\\/hvk_neu\\\/hvk-gewinnt-erneut-inklusionsturnier\\\/#primaryimage\"},\"thumbnailUrl\":\"https:\\\/\\\/www.hvk-bo.de\\\/hvk_neu\\\/wp-content\\\/uploads\\\/2025\\\/07\\\/Inklus-Fussball-1_teaser.webp\",\"datePublished\":\"2025-06-27T07:24:16+00:00\",\"dateModified\":\"2025-07-05T13:16:09+00:00\",\"breadcrumb\":{\"@id\":\"https:\\\/\\\/www.hvk-bo.de\\\/hvk_neu\\\/hvk-gewinnt-erneut-inklusionsturnier\\\/#breadcrumb\"},\"inLanguage\":\"de\",\"potentialAction\":[{\"@type\":\"ReadAction\",\"target\":[\"https:\\\/\\\/www.hvk-bo.de\\\/hvk_neu\\\/hvk-gewinnt-erneut-inklusionsturnier\\\/\"]}]},{\"@type\":\"ImageObject\",\"inLanguage\":\"de\",\"@id\":\"https:\\\/\\\/www.hvk-bo.de\\\/hvk_neu\\\/hvk-gewinnt-erneut-inklusionsturnier\\\/#primaryimage\",\"url\":\"https:\\\/\\\/www.hvk-bo.de\\\/hvk_neu\\\/wp-content\\\/uploads\\\/2025\\\/07\\\/Inklus-Fussball-1_teaser.webp\",\"contentUrl\":\"https:\\\/\\\/www.hvk-bo.de\\\/hvk_neu\\\/wp-content\\\/uploads\\\/2025\\\/07\\\/Inklus-Fussball-1_teaser.webp\",\"width\":540,\"height\":360},{\"@type\":\"BreadcrumbList\",\"@id\":\"https:\\\/\\\/www.hvk-bo.de\\\/hvk_neu\\\/hvk-gewinnt-erneut-inklusionsturnier\\\/#breadcrumb\",\"itemListElement\":[{\"@type\":\"ListItem\",\"position\":1,\"name\":\"Startseite\",\"item\":\"https:\\\/\\\/www.hvk-bo.de\\\/hvk_neu\\\/\"},{\"@type\":\"ListItem\",\"position\":2,\"name\":\"Hvk gewinnt erneut Inklusionsturnier\"}]},{\"@type\":\"WebSite\",\"@id\":\"https:\\\/\\\/www.hvk-bo.de\\\/hvk_neu\\\/#website\",\"url\":\"https:\\\/\\\/www.hvk-bo.de\\\/hvk_neu\\\/\",\"name\":\"Heinrich-von-Kleist-Gymnasium\",\"description\":\"Ganztagsgymnasium\",\"publisher\":{\"@id\":\"https:\\\/\\\/www.hvk-bo.de\\\/hvk_neu\\\/#organization\"},\"alternateName\":\"HvK Bochum\",\"potentialAction\":[{\"@type\":\"SearchAction\",\"target\":{\"@type\":\"EntryPoint\",\"urlTemplate\":\"https:\\\/\\\/www.hvk-bo.de\\\/hvk_neu\\\/?s={search_term_string}\"},\"query-input\":{\"@type\":\"PropertyValueSpecification\",\"valueRequired\":true,\"valueName\":\"search_term_string\"}}],\"inLanguage\":\"de\"},{\"@type\":\"Organization\",\"@id\":\"https:\\\/\\\/www.hvk-bo.de\\\/hvk_neu\\\/#organization\",\"name\":\"Heinrich-von-Kleist-Gymnasium\",\"alternateName\":\"HvK Bochum\",\"url\":\"https:\\\/\\\/www.hvk-bo.de\\\/hvk_neu\\\/\",\"logo\":{\"@type\":\"ImageObject\",\"inLanguage\":\"de\",\"@id\":\"https:\\\/\\\/www.hvk-bo.de\\\/hvk_neu\\\/#\\\/schema\\\/logo\\\/image\\\/\",\"url\":\"https:\\\/\\\/www.hvk-bo.de\\\/hvk_neu\\\/wp-content\\\/uploads\\\/2024\\\/06\\\/HvK_Logo_klein.png\",\"contentUrl\":\"https:\\\/\\\/www.hvk-bo.de\\\/hvk_neu\\\/wp-content\\\/uploads\\\/2024\\\/06\\\/HvK_Logo_klein.png\",\"width\":512,\"height\":512,\"caption\":\"Heinrich-von-Kleist-Gymnasium\"},\"image\":{\"@id\":\"https:\\\/\\\/www.hvk-bo.de\\\/hvk_neu\\\/#\\\/schema\\\/logo\\\/image\\\/\"}},{\"@type\":\"Person\",\"@id\":\"https:\\\/\\\/www.hvk-bo.de\\\/hvk_neu\\\/#\\\/schema\\\/person\\\/794a75d9b26b9307332ae4520c485be1\",\"name\":\"Michael Bra\u00df\",\"image\":{\"@type\":\"ImageObject\",\"inLanguage\":\"de\",\"@id\":\"https:\\\/\\\/secure.gravatar.com\\\/avatar\\\/4d4f3173b0525d68b6dd40a3b8a251b7175e4562a8b9dca3165604270abc96ec?s=96&d=mm&r=g\",\"url\":\"https:\\\/\\\/secure.gravatar.com\\\/avatar\\\/4d4f3173b0525d68b6dd40a3b8a251b7175e4562a8b9dca3165604270abc96ec?s=96&d=mm&r=g\",\"contentUrl\":\"https:\\\/\\\/secure.gravatar.com\\\/avatar\\\/4d4f3173b0525d68b6dd40a3b8a251b7175e4562a8b9dca3165604270abc96ec?s=96&d=mm&r=g\",\"caption\":\"Michael Bra\u00df\"},\"url\":\"https:\\\/\\\/www.hvk-bo.de\\\/hvk_neu\\\/author\\\/m_brass\\\/\"}]}<\/script>\n<!-- \/ Yoast SEO plugin. -->","yoast_head_json":{"title":"Hvk gewinnt erneut Inklusionsturnier - Heinrich-von-Kleist-Gymnasium","robots":{"index":"index","follow":"follow","max-snippet":"max-snippet:-1","max-image-preview":"max-image-preview:large","max-video-preview":"max-video-preview:-1"},"canonical":"https:\/\/www.hvk-bo.de\/hvk_neu\/hvk-gewinnt-erneut-inklusionsturnier\/","og_locale":"de_DE","og_type":"article","og_title":"Hvk gewinnt erneut Inklusionsturnier - Heinrich-von-Kleist-Gymnasium","og_description":"Das Heinrich-von-Kleist-Gymnasium gewann am gestrigen Donnerstag (26.06.2025) zusammen mit ihrer Kooperationsschule, der Hilda-Heinemann Schule &#8211; einer F\u00f6rderschule f\u00fcr geistige Entwicklung [&hellip;]","og_url":"https:\/\/www.hvk-bo.de\/hvk_neu\/hvk-gewinnt-erneut-inklusionsturnier\/","og_site_name":"Heinrich-von-Kleist-Gymnasium","article_published_time":"2025-06-27T07:24:16+00:00","article_modified_time":"2025-07-05T13:16:09+00:00","og_image":[{"width":540,"height":360,"url":"https:\/\/www.hvk-bo.de\/hvk_neu\/wp-content\/uploads\/2025\/07\/Inklus-Fussball-1_teaser.webp","type":"image\/webp"}],"author":"Michael Bra\u00df","twitter_card":"summary_large_image","twitter_misc":{"Verfasst von":"Michael Bra\u00df","Gesch\u00e4tzte Lesezeit":"2\u00a0Minuten"},"schema":{"@context":"https:\/\/schema.org","@graph":[{"@type":"Article","@id":"https:\/\/www.hvk-bo.de\/hvk_neu\/hvk-gewinnt-erneut-inklusionsturnier\/#article","isPartOf":{"@id":"https:\/\/www.hvk-bo.de\/hvk_neu\/hvk-gewinnt-erneut-inklusionsturnier\/"},"author":{"name":"Michael Bra\u00df","@id":"https:\/\/www.hvk-bo.de\/hvk_neu\/#\/schema\/person\/794a75d9b26b9307332ae4520c485be1"},"headline":"Hvk gewinnt erneut Inklusionsturnier","datePublished":"2025-06-27T07:24:16+00:00","dateModified":"2025-07-05T13:16:09+00:00","mainEntityOfPage":{"@id":"https:\/\/www.hvk-bo.de\/hvk_neu\/hvk-gewinnt-erneut-inklusionsturnier\/"},"wordCount":203,"publisher":{"@id":"https:\/\/www.hvk-bo.de\/hvk_neu\/#organization"},"image":{"@id":"https:\/\/www.hvk-bo.de\/hvk_neu\/hvk-gewinnt-erneut-inklusionsturnier\/#primaryimage"},"thumbnailUrl":"https:\/\/www.hvk-bo.de\/hvk_neu\/wp-content\/uploads\/2025\/07\/Inklus-Fussball-1_teaser.webp","articleSection":["Aktuelles"],"inLanguage":"de"},{"@type":"WebPage","@id":"https:\/\/www.hvk-bo.de\/hvk_neu\/hvk-gewinnt-erneut-inklusionsturnier\/","url":"https:\/\/www.hvk-bo.de\/hvk_neu\/hvk-gewinnt-erneut-inklusionsturnier\/","name":"Hvk gewinnt erneut Inklusionsturnier - Heinrich-von-Kleist-Gymnasium","isPartOf":{"@id":"https:\/\/www.hvk-bo.de\/hvk_neu\/#website"},"primaryImageOfPage":{"@id":"https:\/\/www.hvk-bo.de\/hvk_neu\/hvk-gewinnt-erneut-inklusionsturnier\/#primaryimage"},"image":{"@id":"https:\/\/www.hvk-bo.de\/hvk_neu\/hvk-gewinnt-erneut-inklusionsturnier\/#primaryimage"},"thumbnailUrl":"https:\/\/www.hvk-bo.de\/hvk_neu\/wp-content\/uploads\/2025\/07\/Inklus-Fussball-1_teaser.webp","datePublished":"2025-06-27T07:24:16+00:00","dateModified":"2025-07-05T13:16:09+00:00","breadcrumb":{"@id":"https:\/\/www.hvk-bo.de\/hvk_neu\/hvk-gewinnt-erneut-inklusionsturnier\/#breadcrumb"},"inLanguage":"de","potentialAction":[{"@type":"ReadAction","target":["https:\/\/www.hvk-bo.de\/hvk_neu\/hvk-gewinnt-erneut-inklusionsturnier\/"]}]},{"@type":"ImageObject","inLanguage":"de","@id":"https:\/\/www.hvk-bo.de\/hvk_neu\/hvk-gewinnt-erneut-inklusionsturnier\/#primaryimage","url":"https:\/\/www.hvk-bo.de\/hvk_neu\/wp-content\/uploads\/2025\/07\/Inklus-Fussball-1_teaser.webp","contentUrl":"https:\/\/www.hvk-bo.de\/hvk_neu\/wp-content\/uploads\/2025\/07\/Inklus-Fussball-1_teaser.webp","width":540,"height":360},{"@type":"BreadcrumbList","@id":"https:\/\/www.hvk-bo.de\/hvk_neu\/hvk-gewinnt-erneut-inklusionsturnier\/#breadcrumb","itemListElement":[{"@type":"ListItem","position":1,"name":"Startseite","item":"https:\/\/www.hvk-bo.de\/hvk_neu\/"},{"@type":"ListItem","position":2,"name":"Hvk gewinnt erneut Inklusionsturnier"}]},{"@type":"WebSite","@id":"https:\/\/www.hvk-bo.de\/hvk_neu\/#website","url":"https:\/\/www.hvk-bo.de\/hvk_neu\/","name":"Heinrich-von-Kleist-Gymnasium","description":"Ganztagsgymnasium","publisher":{"@id":"https:\/\/www.hvk-bo.de\/hvk_neu\/#organization"},"alternateName":"HvK Bochum","potentialAction":[{"@type":"SearchAction","target":{"@type":"EntryPoint","urlTemplate":"https:\/\/www.hvk-bo.de\/hvk_neu\/?s={search_term_string}"},"query-input":{"@type":"PropertyValueSpecification","valueRequired":true,"valueName":"search_term_string"}}],"inLanguage":"de"},{"@type":"Organization","@id":"https:\/\/www.hvk-bo.de\/hvk_neu\/#organization","name":"Heinrich-von-Kleist-Gymnasium","alternateName":"HvK Bochum","url":"https:\/\/www.hvk-bo.de\/hvk_neu\/","logo":{"@type":"ImageObject","inLanguage":"de","@id":"https:\/\/www.hvk-bo.de\/hvk_neu\/#\/schema\/logo\/image\/","url":"https:\/\/www.hvk-bo.de\/hvk_neu\/wp-content\/uploads\/2024\/06\/HvK_Logo_klein.png","contentUrl":"https:\/\/www.hvk-bo.de\/hvk_neu\/wp-content\/uploads\/2024\/06\/HvK_Logo_klein.png","width":512,"height":512,"caption":"Heinrich-von-Kleist-Gymnasium"},"image":{"@id":"https:\/\/www.hvk-bo.de\/hvk_neu\/#\/schema\/logo\/image\/"}},{"@type":"Person","@id":"https:\/\/www.hvk-bo.de\/hvk_neu\/#\/schema\/person\/794a75d9b26b9307332ae4520c485be1","name":"Michael Bra\u00df","image":{"@type":"ImageObject","inLanguage":"de","@id":"https:\/\/secure.gravatar.com\/avatar\/4d4f3173b0525d68b6dd40a3b8a251b7175e4562a8b9dca3165604270abc96ec?s=96&d=mm&r=g","url":"https:\/\/secure.gravatar.com\/avatar\/4d4f3173b0525d68b6dd40a3b8a251b7175e4562a8b9dca3165604270abc96ec?s=96&d=mm&r=g","contentUrl":"https:\/\/secure.gravatar.com\/avatar\/4d4f3173b0525d68b6dd40a3b8a251b7175e4562a8b9dca3165604270abc96ec?s=96&d=mm&r=g","caption":"Michael Bra\u00df"},"url":"https:\/\/www.hvk-bo.de\/hvk_neu\/author\/m_brass\/"}]}},"uagb_featured_image_src":{"full":["https:\/\/www.hvk-bo.de\/hvk_neu\/wp-content\/uploads\/2025\/07\/Inklus-Fussball-1_teaser.webp",540,360,false],"thumbnail":["https:\/\/www.hvk-bo.de\/hvk_neu\/wp-content\/uploads\/2025\/07\/Inklus-Fussball-1_teaser-150x150.webp",150,150,true],"medium":["https:\/\/www.hvk-bo.de\/hvk_neu\/wp-content\/uploads\/2025\/07\/Inklus-Fussball-1_teaser-300x200.webp",300,200,true],"medium_large":["https:\/\/www.hvk-bo.de\/hvk_neu\/wp-content\/uploads\/2025\/07\/Inklus-Fussball-1_teaser.webp",540,360,false],"large":["https:\/\/www.hvk-bo.de\/hvk_neu\/wp-content\/uploads\/2025\/07\/Inklus-Fussball-1_teaser.webp",540,360,false],"1536x1536":["https:\/\/www.hvk-bo.de\/hvk_neu\/wp-content\/uploads\/2025\/07\/Inklus-Fussball-1_teaser.webp",540,360,false],"2048x2048":["https:\/\/www.hvk-bo.de\/hvk_neu\/wp-content\/uploads\/2025\/07\/Inklus-Fussball-1_teaser.webp",540,360,false]},"uagb_author_info":{"display_name":"Michael Bra\u00df","author_link":"https:\/\/www.hvk-bo.de\/hvk_neu\/author\/m_brass\/"},"uagb_comment_info":0,"uagb_excerpt":"Das Heinrich-von-Kleist-Gymnasium gewann am gestrigen Donnerstag (26.06.2025) zusammen mit ihrer Kooperationsschule, der Hilda-Heinemann Schule &#8211; einer F\u00f6rderschule f\u00fcr geistige Entwicklung [&hellip;]","_links":{"self":[{"href":"https:\/\/www.hvk-bo.de\/hvk_neu\/wp-json\/wp\/v2\/posts\/3569","targetHints":{"allow":["GET"]}}],"collection":[{"href":"https:\/\/www.hvk-bo.de\/hvk_neu\/wp-json\/wp\/v2\/posts"}],"about":[{"href":"https:\/\/www.hvk-bo.de\/hvk_neu\/wp-json\/wp\/v2\/types\/post"}],"author":[{"embeddable":true,"href":"https:\/\/www.hvk-bo.de\/hvk_neu\/wp-json\/wp\/v2\/users\/4"}],"replies":[{"embeddable":true,"href":"https:\/\/www.hvk-bo.de\/hvk_neu\/wp-json\/wp\/v2\/comments?post=3569"}],"version-history":[{"count":1,"href":"https:\/\/www.hvk-bo.de\/hvk_neu\/wp-json\/wp\/v2\/posts\/3569\/revisions"}],"predecessor-version":[{"id":3572,"href":"https:\/\/www.hvk-bo.de\/hvk_neu\/wp-json\/wp\/v2\/posts\/3569\/revisions\/3572"}],"wp:featuredmedia":[{"embeddable":true,"href":"https:\/\/www.hvk-bo.de\/hvk_neu\/wp-json\/wp\/v2\/media\/3605"}],"wp:attachment":[{"href":"https:\/\/www.hvk-bo.de\/hvk_neu\/wp-json\/wp\/v2\/media?parent=3569"}],"wp:term":[{"taxonomy":"category","embeddable":true,"href":"https:\/\/www.hvk-bo.de\/hvk_neu\/wp-json\/wp\/v2\/categories?post=3569"},{"taxonomy":"post_tag","embeddable":true,"href":"https:\/\/www.hvk-bo.de\/hvk_neu\/wp-json\/wp\/v2\/tags?post=3569"}],"curies":[{"name":"wp","href":"https:\/\/api.w.org\/{rel}","templated":true}]}}