{"id":3576,"date":"2025-07-01T09:54:27","date_gmt":"2025-07-01T07:54:27","guid":{"rendered":"https:\/\/www.hvk-bo.de\/hvk_neu\/?p=3576"},"modified":"2025-07-04T14:30:15","modified_gmt":"2025-07-04T12:30:15","slug":"abiturzeugnisverleihung-2025","status":"publish","type":"post","link":"https:\/\/www.hvk-bo.de\/hvk_neu\/abiturzeugnisverleihung-2025\/","title":{"rendered":"Abiturzeugnisverleihung 2025"},"content":{"rendered":"\n<p>In einer stimmungsvollen Abiturzeugnisverleihung wurde 70 Sch\u00fclerinnen und Sch\u00fcler des HvK das Abiturzeugnis verliehen. Durch das Programm f\u00fchrten \u00e4u\u00dferst souver\u00e4n und charmant die Sch\u00fclerinnen Lisa Wei\u00df und Dilan Dudu. Aus dem Jahrgang hielt Aylin Izgi eine Begr\u00fc\u00dfungsrede, bevor Alea J\u00e4gersberg in ihrer Rede die Schulzeit Revue passieren lie\u00df. Mathias Zimmer leitete musikalisch am Klavier in das Programm hinein, Johannes D\u00f6rmann (Klavier) und Iris Yem (Gesang) wurden mit Standing Ovations f\u00fcr ihren abschlie\u00dfenden Beitrag von der Abiturientia gefeiert.<br> <br>Neben der Rede des Schulleiters verabschiedeten sich die Beratungslehrkr\u00e4fte Kai Brandt und Ylva Henseler mit pers\u00f6nlichen Worten von der Jahrgangsstufe. Mit der HvK-Gedenkm\u00fcnze wurden seitens des F\u00f6rdervereins die folgenden 14 Abiturientinnen und Abiturienten ausgezeichnet, die ein Abitur mit einem Schnitt von 1,x erreicht hatten: Richter, Janika; Bajrami, Almir; Dicke, Jan; Zimmer, Mathias ; Akkurt, S\u00fcmmeyye Nur; Gobrecht, Sophia; Merlaku, Bleond; Heimann, Mina; Maron, Fenja; Mikolajewicz, Clara; Gieseler, Zoe; Gaudenz, Sarah; Hansel, Finya; Jonczyk, Kathrin. <\/p>\n\n\n\n<p>Der F\u00f6rdervereinsvorsitzende J\u00f6rg Mikolajewicz f\u00fchrte diese Ehrung durch. Zus\u00e4tzlich erhielten die Mitwirkenden an den gro\u00dfen Theaterauff\u00fchrungen mitsamt ihrer Lehrkr\u00e4fte Florian Fiddrich und Maren Schr\u00f6der einen letzten gro\u00dfen Applaus auf der B\u00fchne des Forums. <\/p>\n\n\n\n<figure class=\"wp-block-gallery has-nested-images columns-default is-cropped wp-block-gallery-1 is-layout-flex wp-block-gallery-is-layout-flex\">\n<figure data-spectra-id=\"spectra-4049233f-c2c1-4c85-a4d4-79df09f2bf87\" class=\"wp-block-image size-large\"><img loading=\"lazy\" decoding=\"async\" width=\"360\" height=\"540\" data-id=\"3581\" src=\"https:\/\/www.hvk-bo.de\/hvk_neu\/wp-content\/uploads\/2025\/07\/Zeugnisverleihung28062025-97.webp\" alt=\"\" class=\"wp-image-3581\" srcset=\"https:\/\/www.hvk-bo.de\/hvk_neu\/wp-content\/uploads\/2025\/07\/Zeugnisverleihung28062025-97.webp 360w, https:\/\/www.hvk-bo.de\/hvk_neu\/wp-content\/uploads\/2025\/07\/Zeugnisverleihung28062025-97-200x300.webp 200w\" sizes=\"auto, (max-width: 360px) 100vw, 360px\" \/><\/figure>\n\n\n\n<figure data-spectra-id=\"spectra-6c78d6ef-a1a2-4b84-bb0f-80e0ad23e279\" class=\"wp-block-image size-large\"><img loading=\"lazy\" decoding=\"async\" width=\"360\" height=\"540\" data-id=\"3578\" src=\"https:\/\/www.hvk-bo.de\/hvk_neu\/wp-content\/uploads\/2025\/07\/Zeugnisverleihung28062025-273.webp\" alt=\"\" class=\"wp-image-3578\" srcset=\"https:\/\/www.hvk-bo.de\/hvk_neu\/wp-content\/uploads\/2025\/07\/Zeugnisverleihung28062025-273.webp 360w, https:\/\/www.hvk-bo.de\/hvk_neu\/wp-content\/uploads\/2025\/07\/Zeugnisverleihung28062025-273-200x300.webp 200w\" sizes=\"auto, (max-width: 360px) 100vw, 360px\" \/><\/figure>\n\n\n\n<figure data-spectra-id=\"spectra-241b484b-e7f5-4322-aa12-164368b50386\" class=\"wp-block-image size-large\"><img loading=\"lazy\" decoding=\"async\" width=\"360\" height=\"540\" data-id=\"3579\" src=\"https:\/\/www.hvk-bo.de\/hvk_neu\/wp-content\/uploads\/2025\/07\/Zeugnisverleihung28062025-288.webp\" alt=\"\" class=\"wp-image-3579\" srcset=\"https:\/\/www.hvk-bo.de\/hvk_neu\/wp-content\/uploads\/2025\/07\/Zeugnisverleihung28062025-288.webp 360w, https:\/\/www.hvk-bo.de\/hvk_neu\/wp-content\/uploads\/2025\/07\/Zeugnisverleihung28062025-288-200x300.webp 200w\" sizes=\"auto, (max-width: 360px) 100vw, 360px\" \/><\/figure>\n\n\n\n<figure data-spectra-id=\"spectra-ea4fc255-9070-4131-8ae6-04c4b32d2ff8\" class=\"wp-block-image size-large\"><img loading=\"lazy\" decoding=\"async\" width=\"360\" height=\"540\" data-id=\"3583\" src=\"https:\/\/www.hvk-bo.de\/hvk_neu\/wp-content\/uploads\/2025\/07\/Zeugnisverleihung28062025-329.webp\" alt=\"\" class=\"wp-image-3583\" srcset=\"https:\/\/www.hvk-bo.de\/hvk_neu\/wp-content\/uploads\/2025\/07\/Zeugnisverleihung28062025-329.webp 360w, https:\/\/www.hvk-bo.de\/hvk_neu\/wp-content\/uploads\/2025\/07\/Zeugnisverleihung28062025-329-200x300.webp 200w\" sizes=\"auto, (max-width: 360px) 100vw, 360px\" \/><\/figure>\n\n\n\n<figure data-spectra-id=\"spectra-b47098b4-8600-4b46-889c-b4d3695a8a7d\" class=\"wp-block-image size-large\"><img loading=\"lazy\" decoding=\"async\" width=\"360\" height=\"540\" data-id=\"3582\" src=\"https:\/\/www.hvk-bo.de\/hvk_neu\/wp-content\/uploads\/2025\/07\/Zeugnisverleihung28062025-331.webp\" alt=\"\" class=\"wp-image-3582\" srcset=\"https:\/\/www.hvk-bo.de\/hvk_neu\/wp-content\/uploads\/2025\/07\/Zeugnisverleihung28062025-331.webp 360w, https:\/\/www.hvk-bo.de\/hvk_neu\/wp-content\/uploads\/2025\/07\/Zeugnisverleihung28062025-331-200x300.webp 200w\" sizes=\"auto, (max-width: 360px) 100vw, 360px\" \/><\/figure>\n\n\n\n<figure data-spectra-id=\"spectra-c18dfe7a-9ee3-48d5-8c41-49f16ea4ba9d\" class=\"wp-block-image size-large\"><img loading=\"lazy\" decoding=\"async\" width=\"360\" height=\"540\" data-id=\"3584\" src=\"https:\/\/www.hvk-bo.de\/hvk_neu\/wp-content\/uploads\/2025\/07\/Zeugnisverleihung28062025-346.webp\" alt=\"\" class=\"wp-image-3584\" srcset=\"https:\/\/www.hvk-bo.de\/hvk_neu\/wp-content\/uploads\/2025\/07\/Zeugnisverleihung28062025-346.webp 360w, https:\/\/www.hvk-bo.de\/hvk_neu\/wp-content\/uploads\/2025\/07\/Zeugnisverleihung28062025-346-200x300.webp 200w\" sizes=\"auto, (max-width: 360px) 100vw, 360px\" \/><\/figure>\n\n\n\n<figure data-spectra-id=\"spectra-3457f36c-1d7d-48ef-90c8-bba1613c5400\" class=\"wp-block-image size-large\"><img loading=\"lazy\" decoding=\"async\" width=\"1024\" height=\"683\" data-id=\"3586\" src=\"https:\/\/www.hvk-bo.de\/hvk_neu\/wp-content\/uploads\/2025\/07\/Zeugnisverleihungalle-1024x683.jpg\" alt=\"\" class=\"wp-image-3586\" srcset=\"https:\/\/www.hvk-bo.de\/hvk_neu\/wp-content\/uploads\/2025\/07\/Zeugnisverleihungalle-1024x683.jpg 1024w, https:\/\/www.hvk-bo.de\/hvk_neu\/wp-content\/uploads\/2025\/07\/Zeugnisverleihungalle-300x200.jpg 300w, https:\/\/www.hvk-bo.de\/hvk_neu\/wp-content\/uploads\/2025\/07\/Zeugnisverleihungalle-768x512.jpg 768w, https:\/\/www.hvk-bo.de\/hvk_neu\/wp-content\/uploads\/2025\/07\/Zeugnisverleihungalle-1536x1024.jpg 1536w, https:\/\/www.hvk-bo.de\/hvk_neu\/wp-content\/uploads\/2025\/07\/Zeugnisverleihungalle-2048x1365.jpg 2048w\" sizes=\"auto, (max-width: 1024px) 100vw, 1024px\" \/><\/figure>\n<\/figure>\n","protected":false},"excerpt":{"rendered":"<p>In einer stimmungsvollen Abiturzeugnisverleihung wurde 70 Sch\u00fclerinnen und Sch\u00fcler des HvK das Abiturzeugnis verliehen. Durch das Programm f\u00fchrten \u00e4u\u00dferst souver\u00e4n [&hellip;]<\/p>\n","protected":false},"author":4,"featured_media":3586,"comment_status":"closed","ping_status":"closed","sticky":false,"template":"","format":"standard","meta":{"_uag_custom_page_level_css":"","site-sidebar-layout":"default","site-content-layout":"","ast-site-content-layout":"default","site-content-style":"default","site-sidebar-style":"default","ast-global-header-display":"","ast-banner-title-visibility":"","ast-main-header-display":"","ast-hfb-above-header-display":"","ast-hfb-below-header-display":"","ast-hfb-mobile-header-display":"","site-post-title":"","ast-breadcrumbs-content":"","ast-featured-img":"","footer-sml-layout":"","ast-disable-related-posts":"","theme-transparent-header-meta":"","adv-header-id-meta":"","stick-header-meta":"","header-above-stick-meta":"","header-main-stick-meta":"","header-below-stick-meta":"","astra-migrate-meta-layouts":"default","ast-page-background-enabled":"default","ast-page-background-meta":{"desktop":{"background-color":"var(--ast-global-color-4)","background-image":"","background-repeat":"repeat","background-position":"center center","background-size":"auto","background-attachment":"scroll","background-type":"","background-media":"","overlay-type":"","overlay-color":"","overlay-opacity":"","overlay-gradient":""},"tablet":{"background-color":"","background-image":"","background-repeat":"repeat","background-position":"center center","background-size":"auto","background-attachment":"scroll","background-type":"","background-media":"","overlay-type":"","overlay-color":"","overlay-opacity":"","overlay-gradient":""},"mobile":{"background-color":"","background-image":"","background-repeat":"repeat","background-position":"center center","background-size":"auto","background-attachment":"scroll","background-type":"","background-media":"","overlay-type":"","overlay-color":"","overlay-opacity":"","overlay-gradient":""}},"ast-content-background-meta":{"desktop":{"background-color":"var(--ast-global-color-5)","background-image":"","background-repeat":"repeat","background-position":"center center","background-size":"auto","background-attachment":"scroll","background-type":"","background-media":"","overlay-type":"","overlay-color":"","overlay-opacity":"","overlay-gradient":""},"tablet":{"background-color":"var(--ast-global-color-5)","background-image":"","background-repeat":"repeat","background-position":"center center","background-size":"auto","background-attachment":"scroll","background-type":"","background-media":"","overlay-type":"","overlay-color":"","overlay-opacity":"","overlay-gradient":""},"mobile":{"background-color":"var(--ast-global-color-5)","background-image":"","background-repeat":"repeat","background-position":"center center","background-size":"auto","background-attachment":"scroll","background-type":"","background-media":"","overlay-type":"","overlay-color":"","overlay-opacity":"","overlay-gradient":""}},"footnotes":""},"categories":[7,1],"tags":[],"class_list":["post-3576","post","type-post","status-publish","format-standard","has-post-thumbnail","hentry","category-aktuell","category-allgemein"],"yoast_head":"<!-- This site is optimized with the Yoast SEO plugin v27.5 - https:\/\/yoast.com\/product\/yoast-seo-wordpress\/ -->\n<title>Abiturzeugnisverleihung 2025 - Heinrich-von-Kleist-Gymnasium<\/title>\n<meta name=\"robots\" content=\"index, follow, max-snippet:-1, max-image-preview:large, max-video-preview:-1\" \/>\n<link rel=\"canonical\" href=\"https:\/\/www.hvk-bo.de\/hvk_neu\/abiturzeugnisverleihung-2025\/\" \/>\n<meta property=\"og:locale\" content=\"de_DE\" \/>\n<meta property=\"og:type\" content=\"article\" \/>\n<meta property=\"og:title\" content=\"Abiturzeugnisverleihung 2025 - Heinrich-von-Kleist-Gymnasium\" \/>\n<meta property=\"og:description\" content=\"In einer stimmungsvollen Abiturzeugnisverleihung wurde 70 Sch\u00fclerinnen und Sch\u00fcler des HvK das Abiturzeugnis verliehen. Durch das Programm f\u00fchrten \u00e4u\u00dferst souver\u00e4n [&hellip;]\" \/>\n<meta property=\"og:url\" content=\"https:\/\/www.hvk-bo.de\/hvk_neu\/abiturzeugnisverleihung-2025\/\" \/>\n<meta property=\"og:site_name\" content=\"Heinrich-von-Kleist-Gymnasium\" \/>\n<meta property=\"article:published_time\" content=\"2025-07-01T07:54:27+00:00\" \/>\n<meta property=\"article:modified_time\" content=\"2025-07-04T12:30:15+00:00\" \/>\n<meta property=\"og:image\" content=\"https:\/\/www.hvk-bo.de\/hvk_neu\/wp-content\/uploads\/2025\/07\/Zeugnisverleihungalle-scaled.jpg\" \/>\n\t<meta property=\"og:image:width\" content=\"2560\" \/>\n\t<meta property=\"og:image:height\" content=\"1707\" \/>\n\t<meta property=\"og:image:type\" content=\"image\/jpeg\" \/>\n<meta name=\"author\" content=\"Michael Bra\u00df\" \/>\n<meta name=\"twitter:card\" content=\"summary_large_image\" \/>\n<meta name=\"twitter:label1\" content=\"Verfasst von\" \/>\n\t<meta name=\"twitter:data1\" content=\"Michael Bra\u00df\" \/>\n\t<meta name=\"twitter:label2\" content=\"Gesch\u00e4tzte Lesezeit\" \/>\n\t<meta name=\"twitter:data2\" content=\"3\u00a0Minuten\" \/>\n<script type=\"application\/ld+json\" class=\"yoast-schema-graph\">{\"@context\":\"https:\\\/\\\/schema.org\",\"@graph\":[{\"@type\":\"Article\",\"@id\":\"https:\\\/\\\/www.hvk-bo.de\\\/hvk_neu\\\/abiturzeugnisverleihung-2025\\\/#article\",\"isPartOf\":{\"@id\":\"https:\\\/\\\/www.hvk-bo.de\\\/hvk_neu\\\/abiturzeugnisverleihung-2025\\\/\"},\"author\":{\"name\":\"Michael Bra\u00df\",\"@id\":\"https:\\\/\\\/www.hvk-bo.de\\\/hvk_neu\\\/#\\\/schema\\\/person\\\/794a75d9b26b9307332ae4520c485be1\"},\"headline\":\"Abiturzeugnisverleihung 2025\",\"datePublished\":\"2025-07-01T07:54:27+00:00\",\"dateModified\":\"2025-07-04T12:30:15+00:00\",\"mainEntityOfPage\":{\"@id\":\"https:\\\/\\\/www.hvk-bo.de\\\/hvk_neu\\\/abiturzeugnisverleihung-2025\\\/\"},\"wordCount\":208,\"publisher\":{\"@id\":\"https:\\\/\\\/www.hvk-bo.de\\\/hvk_neu\\\/#organization\"},\"image\":{\"@id\":\"https:\\\/\\\/www.hvk-bo.de\\\/hvk_neu\\\/abiturzeugnisverleihung-2025\\\/#primaryimage\"},\"thumbnailUrl\":\"https:\\\/\\\/www.hvk-bo.de\\\/hvk_neu\\\/wp-content\\\/uploads\\\/2025\\\/07\\\/Zeugnisverleihungalle-scaled.jpg\",\"articleSection\":[\"Aktuelles\"],\"inLanguage\":\"de\"},{\"@type\":\"WebPage\",\"@id\":\"https:\\\/\\\/www.hvk-bo.de\\\/hvk_neu\\\/abiturzeugnisverleihung-2025\\\/\",\"url\":\"https:\\\/\\\/www.hvk-bo.de\\\/hvk_neu\\\/abiturzeugnisverleihung-2025\\\/\",\"name\":\"Abiturzeugnisverleihung 2025 - Heinrich-von-Kleist-Gymnasium\",\"isPartOf\":{\"@id\":\"https:\\\/\\\/www.hvk-bo.de\\\/hvk_neu\\\/#website\"},\"primaryImageOfPage\":{\"@id\":\"https:\\\/\\\/www.hvk-bo.de\\\/hvk_neu\\\/abiturzeugnisverleihung-2025\\\/#primaryimage\"},\"image\":{\"@id\":\"https:\\\/\\\/www.hvk-bo.de\\\/hvk_neu\\\/abiturzeugnisverleihung-2025\\\/#primaryimage\"},\"thumbnailUrl\":\"https:\\\/\\\/www.hvk-bo.de\\\/hvk_neu\\\/wp-content\\\/uploads\\\/2025\\\/07\\\/Zeugnisverleihungalle-scaled.jpg\",\"datePublished\":\"2025-07-01T07:54:27+00:00\",\"dateModified\":\"2025-07-04T12:30:15+00:00\",\"breadcrumb\":{\"@id\":\"https:\\\/\\\/www.hvk-bo.de\\\/hvk_neu\\\/abiturzeugnisverleihung-2025\\\/#breadcrumb\"},\"inLanguage\":\"de\",\"potentialAction\":[{\"@type\":\"ReadAction\",\"target\":[\"https:\\\/\\\/www.hvk-bo.de\\\/hvk_neu\\\/abiturzeugnisverleihung-2025\\\/\"]}]},{\"@type\":\"ImageObject\",\"inLanguage\":\"de\",\"@id\":\"https:\\\/\\\/www.hvk-bo.de\\\/hvk_neu\\\/abiturzeugnisverleihung-2025\\\/#primaryimage\",\"url\":\"https:\\\/\\\/www.hvk-bo.de\\\/hvk_neu\\\/wp-content\\\/uploads\\\/2025\\\/07\\\/Zeugnisverleihungalle-scaled.jpg\",\"contentUrl\":\"https:\\\/\\\/www.hvk-bo.de\\\/hvk_neu\\\/wp-content\\\/uploads\\\/2025\\\/07\\\/Zeugnisverleihungalle-scaled.jpg\",\"width\":2560,\"height\":1707},{\"@type\":\"BreadcrumbList\",\"@id\":\"https:\\\/\\\/www.hvk-bo.de\\\/hvk_neu\\\/abiturzeugnisverleihung-2025\\\/#breadcrumb\",\"itemListElement\":[{\"@type\":\"ListItem\",\"position\":1,\"name\":\"Startseite\",\"item\":\"https:\\\/\\\/www.hvk-bo.de\\\/hvk_neu\\\/\"},{\"@type\":\"ListItem\",\"position\":2,\"name\":\"Abiturzeugnisverleihung 2025\"}]},{\"@type\":\"WebSite\",\"@id\":\"https:\\\/\\\/www.hvk-bo.de\\\/hvk_neu\\\/#website\",\"url\":\"https:\\\/\\\/www.hvk-bo.de\\\/hvk_neu\\\/\",\"name\":\"Heinrich-von-Kleist-Gymnasium\",\"description\":\"Ganztagsgymnasium\",\"publisher\":{\"@id\":\"https:\\\/\\\/www.hvk-bo.de\\\/hvk_neu\\\/#organization\"},\"alternateName\":\"HvK Bochum\",\"potentialAction\":[{\"@type\":\"SearchAction\",\"target\":{\"@type\":\"EntryPoint\",\"urlTemplate\":\"https:\\\/\\\/www.hvk-bo.de\\\/hvk_neu\\\/?s={search_term_string}\"},\"query-input\":{\"@type\":\"PropertyValueSpecification\",\"valueRequired\":true,\"valueName\":\"search_term_string\"}}],\"inLanguage\":\"de\"},{\"@type\":\"Organization\",\"@id\":\"https:\\\/\\\/www.hvk-bo.de\\\/hvk_neu\\\/#organization\",\"name\":\"Heinrich-von-Kleist-Gymnasium\",\"alternateName\":\"HvK Bochum\",\"url\":\"https:\\\/\\\/www.hvk-bo.de\\\/hvk_neu\\\/\",\"logo\":{\"@type\":\"ImageObject\",\"inLanguage\":\"de\",\"@id\":\"https:\\\/\\\/www.hvk-bo.de\\\/hvk_neu\\\/#\\\/schema\\\/logo\\\/image\\\/\",\"url\":\"https:\\\/\\\/www.hvk-bo.de\\\/hvk_neu\\\/wp-content\\\/uploads\\\/2024\\\/06\\\/HvK_Logo_klein.png\",\"contentUrl\":\"https:\\\/\\\/www.hvk-bo.de\\\/hvk_neu\\\/wp-content\\\/uploads\\\/2024\\\/06\\\/HvK_Logo_klein.png\",\"width\":512,\"height\":512,\"caption\":\"Heinrich-von-Kleist-Gymnasium\"},\"image\":{\"@id\":\"https:\\\/\\\/www.hvk-bo.de\\\/hvk_neu\\\/#\\\/schema\\\/logo\\\/image\\\/\"}},{\"@type\":\"Person\",\"@id\":\"https:\\\/\\\/www.hvk-bo.de\\\/hvk_neu\\\/#\\\/schema\\\/person\\\/794a75d9b26b9307332ae4520c485be1\",\"name\":\"Michael Bra\u00df\",\"image\":{\"@type\":\"ImageObject\",\"inLanguage\":\"de\",\"@id\":\"https:\\\/\\\/secure.gravatar.com\\\/avatar\\\/4d4f3173b0525d68b6dd40a3b8a251b7175e4562a8b9dca3165604270abc96ec?s=96&d=mm&r=g\",\"url\":\"https:\\\/\\\/secure.gravatar.com\\\/avatar\\\/4d4f3173b0525d68b6dd40a3b8a251b7175e4562a8b9dca3165604270abc96ec?s=96&d=mm&r=g\",\"contentUrl\":\"https:\\\/\\\/secure.gravatar.com\\\/avatar\\\/4d4f3173b0525d68b6dd40a3b8a251b7175e4562a8b9dca3165604270abc96ec?s=96&d=mm&r=g\",\"caption\":\"Michael Bra\u00df\"},\"url\":\"https:\\\/\\\/www.hvk-bo.de\\\/hvk_neu\\\/author\\\/m_brass\\\/\"}]}<\/script>\n<!-- \/ Yoast SEO plugin. -->","yoast_head_json":{"title":"Abiturzeugnisverleihung 2025 - Heinrich-von-Kleist-Gymnasium","robots":{"index":"index","follow":"follow","max-snippet":"max-snippet:-1","max-image-preview":"max-image-preview:large","max-video-preview":"max-video-preview:-1"},"canonical":"https:\/\/www.hvk-bo.de\/hvk_neu\/abiturzeugnisverleihung-2025\/","og_locale":"de_DE","og_type":"article","og_title":"Abiturzeugnisverleihung 2025 - Heinrich-von-Kleist-Gymnasium","og_description":"In einer stimmungsvollen Abiturzeugnisverleihung wurde 70 Sch\u00fclerinnen und Sch\u00fcler des HvK das Abiturzeugnis verliehen. Durch das Programm f\u00fchrten \u00e4u\u00dferst souver\u00e4n [&hellip;]","og_url":"https:\/\/www.hvk-bo.de\/hvk_neu\/abiturzeugnisverleihung-2025\/","og_site_name":"Heinrich-von-Kleist-Gymnasium","article_published_time":"2025-07-01T07:54:27+00:00","article_modified_time":"2025-07-04T12:30:15+00:00","og_image":[{"width":2560,"height":1707,"url":"https:\/\/www.hvk-bo.de\/hvk_neu\/wp-content\/uploads\/2025\/07\/Zeugnisverleihungalle-scaled.jpg","type":"image\/jpeg"}],"author":"Michael Bra\u00df","twitter_card":"summary_large_image","twitter_misc":{"Verfasst von":"Michael Bra\u00df","Gesch\u00e4tzte Lesezeit":"3\u00a0Minuten"},"schema":{"@context":"https:\/\/schema.org","@graph":[{"@type":"Article","@id":"https:\/\/www.hvk-bo.de\/hvk_neu\/abiturzeugnisverleihung-2025\/#article","isPartOf":{"@id":"https:\/\/www.hvk-bo.de\/hvk_neu\/abiturzeugnisverleihung-2025\/"},"author":{"name":"Michael Bra\u00df","@id":"https:\/\/www.hvk-bo.de\/hvk_neu\/#\/schema\/person\/794a75d9b26b9307332ae4520c485be1"},"headline":"Abiturzeugnisverleihung 2025","datePublished":"2025-07-01T07:54:27+00:00","dateModified":"2025-07-04T12:30:15+00:00","mainEntityOfPage":{"@id":"https:\/\/www.hvk-bo.de\/hvk_neu\/abiturzeugnisverleihung-2025\/"},"wordCount":208,"publisher":{"@id":"https:\/\/www.hvk-bo.de\/hvk_neu\/#organization"},"image":{"@id":"https:\/\/www.hvk-bo.de\/hvk_neu\/abiturzeugnisverleihung-2025\/#primaryimage"},"thumbnailUrl":"https:\/\/www.hvk-bo.de\/hvk_neu\/wp-content\/uploads\/2025\/07\/Zeugnisverleihungalle-scaled.jpg","articleSection":["Aktuelles"],"inLanguage":"de"},{"@type":"WebPage","@id":"https:\/\/www.hvk-bo.de\/hvk_neu\/abiturzeugnisverleihung-2025\/","url":"https:\/\/www.hvk-bo.de\/hvk_neu\/abiturzeugnisverleihung-2025\/","name":"Abiturzeugnisverleihung 2025 - Heinrich-von-Kleist-Gymnasium","isPartOf":{"@id":"https:\/\/www.hvk-bo.de\/hvk_neu\/#website"},"primaryImageOfPage":{"@id":"https:\/\/www.hvk-bo.de\/hvk_neu\/abiturzeugnisverleihung-2025\/#primaryimage"},"image":{"@id":"https:\/\/www.hvk-bo.de\/hvk_neu\/abiturzeugnisverleihung-2025\/#primaryimage"},"thumbnailUrl":"https:\/\/www.hvk-bo.de\/hvk_neu\/wp-content\/uploads\/2025\/07\/Zeugnisverleihungalle-scaled.jpg","datePublished":"2025-07-01T07:54:27+00:00","dateModified":"2025-07-04T12:30:15+00:00","breadcrumb":{"@id":"https:\/\/www.hvk-bo.de\/hvk_neu\/abiturzeugnisverleihung-2025\/#breadcrumb"},"inLanguage":"de","potentialAction":[{"@type":"ReadAction","target":["https:\/\/www.hvk-bo.de\/hvk_neu\/abiturzeugnisverleihung-2025\/"]}]},{"@type":"ImageObject","inLanguage":"de","@id":"https:\/\/www.hvk-bo.de\/hvk_neu\/abiturzeugnisverleihung-2025\/#primaryimage","url":"https:\/\/www.hvk-bo.de\/hvk_neu\/wp-content\/uploads\/2025\/07\/Zeugnisverleihungalle-scaled.jpg","contentUrl":"https:\/\/www.hvk-bo.de\/hvk_neu\/wp-content\/uploads\/2025\/07\/Zeugnisverleihungalle-scaled.jpg","width":2560,"height":1707},{"@type":"BreadcrumbList","@id":"https:\/\/www.hvk-bo.de\/hvk_neu\/abiturzeugnisverleihung-2025\/#breadcrumb","itemListElement":[{"@type":"ListItem","position":1,"name":"Startseite","item":"https:\/\/www.hvk-bo.de\/hvk_neu\/"},{"@type":"ListItem","position":2,"name":"Abiturzeugnisverleihung 2025"}]},{"@type":"WebSite","@id":"https:\/\/www.hvk-bo.de\/hvk_neu\/#website","url":"https:\/\/www.hvk-bo.de\/hvk_neu\/","name":"Heinrich-von-Kleist-Gymnasium","description":"Ganztagsgymnasium","publisher":{"@id":"https:\/\/www.hvk-bo.de\/hvk_neu\/#organization"},"alternateName":"HvK Bochum","potentialAction":[{"@type":"SearchAction","target":{"@type":"EntryPoint","urlTemplate":"https:\/\/www.hvk-bo.de\/hvk_neu\/?s={search_term_string}"},"query-input":{"@type":"PropertyValueSpecification","valueRequired":true,"valueName":"search_term_string"}}],"inLanguage":"de"},{"@type":"Organization","@id":"https:\/\/www.hvk-bo.de\/hvk_neu\/#organization","name":"Heinrich-von-Kleist-Gymnasium","alternateName":"HvK Bochum","url":"https:\/\/www.hvk-bo.de\/hvk_neu\/","logo":{"@type":"ImageObject","inLanguage":"de","@id":"https:\/\/www.hvk-bo.de\/hvk_neu\/#\/schema\/logo\/image\/","url":"https:\/\/www.hvk-bo.de\/hvk_neu\/wp-content\/uploads\/2024\/06\/HvK_Logo_klein.png","contentUrl":"https:\/\/www.hvk-bo.de\/hvk_neu\/wp-content\/uploads\/2024\/06\/HvK_Logo_klein.png","width":512,"height":512,"caption":"Heinrich-von-Kleist-Gymnasium"},"image":{"@id":"https:\/\/www.hvk-bo.de\/hvk_neu\/#\/schema\/logo\/image\/"}},{"@type":"Person","@id":"https:\/\/www.hvk-bo.de\/hvk_neu\/#\/schema\/person\/794a75d9b26b9307332ae4520c485be1","name":"Michael Bra\u00df","image":{"@type":"ImageObject","inLanguage":"de","@id":"https:\/\/secure.gravatar.com\/avatar\/4d4f3173b0525d68b6dd40a3b8a251b7175e4562a8b9dca3165604270abc96ec?s=96&d=mm&r=g","url":"https:\/\/secure.gravatar.com\/avatar\/4d4f3173b0525d68b6dd40a3b8a251b7175e4562a8b9dca3165604270abc96ec?s=96&d=mm&r=g","contentUrl":"https:\/\/secure.gravatar.com\/avatar\/4d4f3173b0525d68b6dd40a3b8a251b7175e4562a8b9dca3165604270abc96ec?s=96&d=mm&r=g","caption":"Michael Bra\u00df"},"url":"https:\/\/www.hvk-bo.de\/hvk_neu\/author\/m_brass\/"}]}},"uagb_featured_image_src":{"full":["https:\/\/www.hvk-bo.de\/hvk_neu\/wp-content\/uploads\/2025\/07\/Zeugnisverleihungalle-scaled.jpg",2560,1707,false],"thumbnail":["https:\/\/www.hvk-bo.de\/hvk_neu\/wp-content\/uploads\/2025\/07\/Zeugnisverleihungalle-150x150.jpg",150,150,true],"medium":["https:\/\/www.hvk-bo.de\/hvk_neu\/wp-content\/uploads\/2025\/07\/Zeugnisverleihungalle-300x200.jpg",300,200,true],"medium_large":["https:\/\/www.hvk-bo.de\/hvk_neu\/wp-content\/uploads\/2025\/07\/Zeugnisverleihungalle-768x512.jpg",768,512,true],"large":["https:\/\/www.hvk-bo.de\/hvk_neu\/wp-content\/uploads\/2025\/07\/Zeugnisverleihungalle-1024x683.jpg",1024,683,true],"1536x1536":["https:\/\/www.hvk-bo.de\/hvk_neu\/wp-content\/uploads\/2025\/07\/Zeugnisverleihungalle-1536x1024.jpg",1536,1024,true],"2048x2048":["https:\/\/www.hvk-bo.de\/hvk_neu\/wp-content\/uploads\/2025\/07\/Zeugnisverleihungalle-2048x1365.jpg",2048,1365,true]},"uagb_author_info":{"display_name":"Michael Bra\u00df","author_link":"https:\/\/www.hvk-bo.de\/hvk_neu\/author\/m_brass\/"},"uagb_comment_info":0,"uagb_excerpt":"In einer stimmungsvollen Abiturzeugnisverleihung wurde 70 Sch\u00fclerinnen und Sch\u00fcler des HvK das Abiturzeugnis verliehen. Durch das Programm f\u00fchrten \u00e4u\u00dferst souver\u00e4n [&hellip;]","_links":{"self":[{"href":"https:\/\/www.hvk-bo.de\/hvk_neu\/wp-json\/wp\/v2\/posts\/3576","targetHints":{"allow":["GET"]}}],"collection":[{"href":"https:\/\/www.hvk-bo.de\/hvk_neu\/wp-json\/wp\/v2\/posts"}],"about":[{"href":"https:\/\/www.hvk-bo.de\/hvk_neu\/wp-json\/wp\/v2\/types\/post"}],"author":[{"embeddable":true,"href":"https:\/\/www.hvk-bo.de\/hvk_neu\/wp-json\/wp\/v2\/users\/4"}],"replies":[{"embeddable":true,"href":"https:\/\/www.hvk-bo.de\/hvk_neu\/wp-json\/wp\/v2\/comments?post=3576"}],"version-history":[{"count":2,"href":"https:\/\/www.hvk-bo.de\/hvk_neu\/wp-json\/wp\/v2\/posts\/3576\/revisions"}],"predecessor-version":[{"id":3587,"href":"https:\/\/www.hvk-bo.de\/hvk_neu\/wp-json\/wp\/v2\/posts\/3576\/revisions\/3587"}],"wp:featuredmedia":[{"embeddable":true,"href":"https:\/\/www.hvk-bo.de\/hvk_neu\/wp-json\/wp\/v2\/media\/3586"}],"wp:attachment":[{"href":"https:\/\/www.hvk-bo.de\/hvk_neu\/wp-json\/wp\/v2\/media?parent=3576"}],"wp:term":[{"taxonomy":"category","embeddable":true,"href":"https:\/\/www.hvk-bo.de\/hvk_neu\/wp-json\/wp\/v2\/categories?post=3576"},{"taxonomy":"post_tag","embeddable":true,"href":"https:\/\/www.hvk-bo.de\/hvk_neu\/wp-json\/wp\/v2\/tags?post=3576"}],"curies":[{"name":"wp","href":"https:\/\/api.w.org\/{rel}","templated":true}]}}