{"id":3653,"date":"2025-11-07T18:02:42","date_gmt":"2025-11-07T17:02:42","guid":{"rendered":"https:\/\/www.hvk-bo.de\/hvk_neu\/?p=3653"},"modified":"2025-11-13T15:44:34","modified_gmt":"2025-11-13T14:44:34","slug":"5er-klassenfahrt-nach-borkum-sonne-spass-und-viele-erlebnisse","status":"publish","type":"post","link":"https:\/\/www.hvk-bo.de\/hvk_neu\/5er-klassenfahrt-nach-borkum-sonne-spass-und-viele-erlebnisse\/","title":{"rendered":"5er-Klassenfahrt nach Borkum &#8211; Sonne, Spa\u00df und viele Erlebnisse"},"content":{"rendered":"\n<div class=\"wp-block-uagb-container uagb-block-dcd308d0 alignfull uagb-is-root-container\"><div class=\"uagb-container-inner-blocks-wrap\">\n<p>Vom 03. bis 07. November 2025 verbrachten die Klassen 5a, 5b, 5c und 5d gemeinsam mit ihren Klassenlehrerinnen und -lehrern eine wundersch\u00f6ne Woche auf der Insel Borkum. Bei strahlendem Sonnenschein gab es jeden Tag Neues zu entdecken und zu erleben.<br><br>Ein besonderes Highlight war der Besuch des Heimatmuseums, wo wir viele spannende Informationen \u00fcber das Inselleben, die Tiere und Pflanzen, aber auch \u00fcber die Kultur und Geschichte Borkums erfahren haben. Ebenso beeindruckend war der Ausflug zum Feuerschiff, das einen faszinierenden Einblick in das Leben der Seeleute bot.<br><br>Abends stand eine Nachtwanderung auf dem Programm \u2013 mit gruseligen und lustigen Geschichten \u00fcber die Insel und ihre Bewohner. Tags\u00fcber verbrachten wir viel Zeit auf dem Spielplatz, dem Basketballplatz, in den D\u00fcnen und nat\u00fcrlich am Strand. Dort wurde gespielt, gelacht und sogar bei Sonnenuntergang \u201eFischer, Fischer, wie tief ist das Wasser?\u201c und Verstecken im Dunkeln gespielt.<br>Auch das Taschengeld fand schnell seinen Weg in die kleinen L\u00e4den im Dorf. Neben all den Aktivit\u00e4ten blieb genug Zeit, um neue Freundschaften zu schlie\u00dfen und alte zu festigen.<br><br>Nach einer Woche haben sich die Kinder vermutlich an drei Mahlzeiten in Buffetform gew\u00f6hnt \u2013 wir hoffen, liebe Eltern, Sie nehmen es uns nicht \u00fcbel.<br><br>Es war eine rundum gelungene Klassenfahrt, an die wir uns sicher noch lange gerne erinnern werden!<\/p>\n\n\n\n<p class=\"has-text-align-right\">Maren Jakobs<\/p>\n\n\n\n<figure data-spectra-id=\"spectra-4c679833-fef1-41d2-881d-5a1a15d7a36a\" class=\"wp-block-image size-large\"><img loading=\"lazy\" decoding=\"async\" width=\"1024\" height=\"630\" src=\"https:\/\/www.hvk-bo.de\/hvk_neu\/wp-content\/uploads\/2025\/11\/Borkum-Abfahrt-1024x630.jpg\" alt=\"\" class=\"wp-image-3652\" srcset=\"https:\/\/www.hvk-bo.de\/hvk_neu\/wp-content\/uploads\/2025\/11\/Borkum-Abfahrt-1024x630.jpg 1024w, https:\/\/www.hvk-bo.de\/hvk_neu\/wp-content\/uploads\/2025\/11\/Borkum-Abfahrt-300x185.jpg 300w, https:\/\/www.hvk-bo.de\/hvk_neu\/wp-content\/uploads\/2025\/11\/Borkum-Abfahrt-768x473.jpg 768w, https:\/\/www.hvk-bo.de\/hvk_neu\/wp-content\/uploads\/2025\/11\/Borkum-Abfahrt-1536x946.jpg 1536w, https:\/\/www.hvk-bo.de\/hvk_neu\/wp-content\/uploads\/2025\/11\/Borkum-Abfahrt-2048x1261.jpg 2048w\" sizes=\"auto, (max-width: 1024px) 100vw, 1024px\" \/><\/figure>\n<\/div><\/div>\n","protected":false},"excerpt":{"rendered":"<p>Vom 03. bis 07. November 2025 verbrachten die Klassen 5a, 5b, 5c und 5d gemeinsam mit ihren Klassenlehrerinnen und -lehrern [&hellip;]<\/p>\n","protected":false},"author":4,"featured_media":3665,"comment_status":"closed","ping_status":"closed","sticky":false,"template":"","format":"standard","meta":{"_uag_custom_page_level_css":"","site-sidebar-layout":"default","site-content-layout":"","ast-site-content-layout":"default","site-content-style":"default","site-sidebar-style":"default","ast-global-header-display":"","ast-banner-title-visibility":"","ast-main-header-display":"","ast-hfb-above-header-display":"","ast-hfb-below-header-display":"","ast-hfb-mobile-header-display":"","site-post-title":"","ast-breadcrumbs-content":"","ast-featured-img":"","footer-sml-layout":"","ast-disable-related-posts":"","theme-transparent-header-meta":"","adv-header-id-meta":"","stick-header-meta":"","header-above-stick-meta":"","header-main-stick-meta":"","header-below-stick-meta":"","astra-migrate-meta-layouts":"default","ast-page-background-enabled":"default","ast-page-background-meta":{"desktop":{"background-color":"var(--ast-global-color-4)","background-image":"","background-repeat":"repeat","background-position":"center center","background-size":"auto","background-attachment":"scroll","background-type":"","background-media":"","overlay-type":"","overlay-color":"","overlay-opacity":"","overlay-gradient":""},"tablet":{"background-color":"","background-image":"","background-repeat":"repeat","background-position":"center center","background-size":"auto","background-attachment":"scroll","background-type":"","background-media":"","overlay-type":"","overlay-color":"","overlay-opacity":"","overlay-gradient":""},"mobile":{"background-color":"","background-image":"","background-repeat":"repeat","background-position":"center center","background-size":"auto","background-attachment":"scroll","background-type":"","background-media":"","overlay-type":"","overlay-color":"","overlay-opacity":"","overlay-gradient":""}},"ast-content-background-meta":{"desktop":{"background-color":"var(--ast-global-color-5)","background-image":"","background-repeat":"repeat","background-position":"center center","background-size":"auto","background-attachment":"scroll","background-type":"","background-media":"","overlay-type":"","overlay-color":"","overlay-opacity":"","overlay-gradient":""},"tablet":{"background-color":"var(--ast-global-color-5)","background-image":"","background-repeat":"repeat","background-position":"center center","background-size":"auto","background-attachment":"scroll","background-type":"","background-media":"","overlay-type":"","overlay-color":"","overlay-opacity":"","overlay-gradient":""},"mobile":{"background-color":"var(--ast-global-color-5)","background-image":"","background-repeat":"repeat","background-position":"center center","background-size":"auto","background-attachment":"scroll","background-type":"","background-media":"","overlay-type":"","overlay-color":"","overlay-opacity":"","overlay-gradient":""}},"footnotes":""},"categories":[7,1],"tags":[],"class_list":["post-3653","post","type-post","status-publish","format-standard","has-post-thumbnail","hentry","category-aktuell","category-allgemein"],"yoast_head":"<!-- This site is optimized with the Yoast SEO plugin v27.5 - https:\/\/yoast.com\/product\/yoast-seo-wordpress\/ -->\n<title>5er-Klassenfahrt nach Borkum - Sonne, Spa\u00df und viele Erlebnisse - Heinrich-von-Kleist-Gymnasium<\/title>\n<meta name=\"robots\" content=\"index, follow, max-snippet:-1, max-image-preview:large, max-video-preview:-1\" \/>\n<link rel=\"canonical\" href=\"https:\/\/www.hvk-bo.de\/hvk_neu\/5er-klassenfahrt-nach-borkum-sonne-spass-und-viele-erlebnisse\/\" \/>\n<meta property=\"og:locale\" content=\"de_DE\" \/>\n<meta property=\"og:type\" content=\"article\" \/>\n<meta property=\"og:title\" content=\"5er-Klassenfahrt nach Borkum - Sonne, Spa\u00df und viele Erlebnisse - Heinrich-von-Kleist-Gymnasium\" \/>\n<meta property=\"og:description\" content=\"Vom 03. bis 07. November 2025 verbrachten die Klassen 5a, 5b, 5c und 5d gemeinsam mit ihren Klassenlehrerinnen und -lehrern [&hellip;]\" \/>\n<meta property=\"og:url\" content=\"https:\/\/www.hvk-bo.de\/hvk_neu\/5er-klassenfahrt-nach-borkum-sonne-spass-und-viele-erlebnisse\/\" \/>\n<meta property=\"og:site_name\" content=\"Heinrich-von-Kleist-Gymnasium\" \/>\n<meta property=\"article:published_time\" content=\"2025-11-07T17:02:42+00:00\" \/>\n<meta property=\"article:modified_time\" content=\"2025-11-13T14:44:34+00:00\" \/>\n<meta property=\"og:image\" content=\"https:\/\/www.hvk-bo.de\/hvk_neu\/wp-content\/uploads\/2025\/11\/Borkum-Abfahrt-teaser.webp\" \/>\n\t<meta property=\"og:image:width\" content=\"540\" \/>\n\t<meta property=\"og:image:height\" content=\"360\" \/>\n\t<meta property=\"og:image:type\" content=\"image\/webp\" \/>\n<meta name=\"author\" content=\"Michael Bra\u00df\" \/>\n<meta name=\"twitter:card\" content=\"summary_large_image\" \/>\n<meta name=\"twitter:label1\" content=\"Verfasst von\" \/>\n\t<meta name=\"twitter:data1\" content=\"Michael Bra\u00df\" \/>\n\t<meta name=\"twitter:label2\" content=\"Gesch\u00e4tzte Lesezeit\" \/>\n\t<meta name=\"twitter:data2\" content=\"2\u00a0Minuten\" \/>\n<script type=\"application\/ld+json\" class=\"yoast-schema-graph\">{\"@context\":\"https:\\\/\\\/schema.org\",\"@graph\":[{\"@type\":\"Article\",\"@id\":\"https:\\\/\\\/www.hvk-bo.de\\\/hvk_neu\\\/5er-klassenfahrt-nach-borkum-sonne-spass-und-viele-erlebnisse\\\/#article\",\"isPartOf\":{\"@id\":\"https:\\\/\\\/www.hvk-bo.de\\\/hvk_neu\\\/5er-klassenfahrt-nach-borkum-sonne-spass-und-viele-erlebnisse\\\/\"},\"author\":{\"name\":\"Michael Bra\u00df\",\"@id\":\"https:\\\/\\\/www.hvk-bo.de\\\/hvk_neu\\\/#\\\/schema\\\/person\\\/794a75d9b26b9307332ae4520c485be1\"},\"headline\":\"5er-Klassenfahrt nach Borkum &#8211; Sonne, Spa\u00df und viele Erlebnisse\",\"datePublished\":\"2025-11-07T17:02:42+00:00\",\"dateModified\":\"2025-11-13T14:44:34+00:00\",\"mainEntityOfPage\":{\"@id\":\"https:\\\/\\\/www.hvk-bo.de\\\/hvk_neu\\\/5er-klassenfahrt-nach-borkum-sonne-spass-und-viele-erlebnisse\\\/\"},\"wordCount\":227,\"publisher\":{\"@id\":\"https:\\\/\\\/www.hvk-bo.de\\\/hvk_neu\\\/#organization\"},\"image\":{\"@id\":\"https:\\\/\\\/www.hvk-bo.de\\\/hvk_neu\\\/5er-klassenfahrt-nach-borkum-sonne-spass-und-viele-erlebnisse\\\/#primaryimage\"},\"thumbnailUrl\":\"https:\\\/\\\/www.hvk-bo.de\\\/hvk_neu\\\/wp-content\\\/uploads\\\/2025\\\/11\\\/Borkum-Abfahrt-teaser.webp\",\"articleSection\":[\"Aktuelles\"],\"inLanguage\":\"de\"},{\"@type\":\"WebPage\",\"@id\":\"https:\\\/\\\/www.hvk-bo.de\\\/hvk_neu\\\/5er-klassenfahrt-nach-borkum-sonne-spass-und-viele-erlebnisse\\\/\",\"url\":\"https:\\\/\\\/www.hvk-bo.de\\\/hvk_neu\\\/5er-klassenfahrt-nach-borkum-sonne-spass-und-viele-erlebnisse\\\/\",\"name\":\"5er-Klassenfahrt nach Borkum - Sonne, Spa\u00df und viele Erlebnisse - Heinrich-von-Kleist-Gymnasium\",\"isPartOf\":{\"@id\":\"https:\\\/\\\/www.hvk-bo.de\\\/hvk_neu\\\/#website\"},\"primaryImageOfPage\":{\"@id\":\"https:\\\/\\\/www.hvk-bo.de\\\/hvk_neu\\\/5er-klassenfahrt-nach-borkum-sonne-spass-und-viele-erlebnisse\\\/#primaryimage\"},\"image\":{\"@id\":\"https:\\\/\\\/www.hvk-bo.de\\\/hvk_neu\\\/5er-klassenfahrt-nach-borkum-sonne-spass-und-viele-erlebnisse\\\/#primaryimage\"},\"thumbnailUrl\":\"https:\\\/\\\/www.hvk-bo.de\\\/hvk_neu\\\/wp-content\\\/uploads\\\/2025\\\/11\\\/Borkum-Abfahrt-teaser.webp\",\"datePublished\":\"2025-11-07T17:02:42+00:00\",\"dateModified\":\"2025-11-13T14:44:34+00:00\",\"breadcrumb\":{\"@id\":\"https:\\\/\\\/www.hvk-bo.de\\\/hvk_neu\\\/5er-klassenfahrt-nach-borkum-sonne-spass-und-viele-erlebnisse\\\/#breadcrumb\"},\"inLanguage\":\"de\",\"potentialAction\":[{\"@type\":\"ReadAction\",\"target\":[\"https:\\\/\\\/www.hvk-bo.de\\\/hvk_neu\\\/5er-klassenfahrt-nach-borkum-sonne-spass-und-viele-erlebnisse\\\/\"]}]},{\"@type\":\"ImageObject\",\"inLanguage\":\"de\",\"@id\":\"https:\\\/\\\/www.hvk-bo.de\\\/hvk_neu\\\/5er-klassenfahrt-nach-borkum-sonne-spass-und-viele-erlebnisse\\\/#primaryimage\",\"url\":\"https:\\\/\\\/www.hvk-bo.de\\\/hvk_neu\\\/wp-content\\\/uploads\\\/2025\\\/11\\\/Borkum-Abfahrt-teaser.webp\",\"contentUrl\":\"https:\\\/\\\/www.hvk-bo.de\\\/hvk_neu\\\/wp-content\\\/uploads\\\/2025\\\/11\\\/Borkum-Abfahrt-teaser.webp\",\"width\":540,\"height\":360},{\"@type\":\"BreadcrumbList\",\"@id\":\"https:\\\/\\\/www.hvk-bo.de\\\/hvk_neu\\\/5er-klassenfahrt-nach-borkum-sonne-spass-und-viele-erlebnisse\\\/#breadcrumb\",\"itemListElement\":[{\"@type\":\"ListItem\",\"position\":1,\"name\":\"Startseite\",\"item\":\"https:\\\/\\\/www.hvk-bo.de\\\/hvk_neu\\\/\"},{\"@type\":\"ListItem\",\"position\":2,\"name\":\"5er-Klassenfahrt nach Borkum &#8211; Sonne, Spa\u00df und viele Erlebnisse\"}]},{\"@type\":\"WebSite\",\"@id\":\"https:\\\/\\\/www.hvk-bo.de\\\/hvk_neu\\\/#website\",\"url\":\"https:\\\/\\\/www.hvk-bo.de\\\/hvk_neu\\\/\",\"name\":\"Heinrich-von-Kleist-Gymnasium\",\"description\":\"Ganztagsgymnasium\",\"publisher\":{\"@id\":\"https:\\\/\\\/www.hvk-bo.de\\\/hvk_neu\\\/#organization\"},\"alternateName\":\"HvK Bochum\",\"potentialAction\":[{\"@type\":\"SearchAction\",\"target\":{\"@type\":\"EntryPoint\",\"urlTemplate\":\"https:\\\/\\\/www.hvk-bo.de\\\/hvk_neu\\\/?s={search_term_string}\"},\"query-input\":{\"@type\":\"PropertyValueSpecification\",\"valueRequired\":true,\"valueName\":\"search_term_string\"}}],\"inLanguage\":\"de\"},{\"@type\":\"Organization\",\"@id\":\"https:\\\/\\\/www.hvk-bo.de\\\/hvk_neu\\\/#organization\",\"name\":\"Heinrich-von-Kleist-Gymnasium\",\"alternateName\":\"HvK Bochum\",\"url\":\"https:\\\/\\\/www.hvk-bo.de\\\/hvk_neu\\\/\",\"logo\":{\"@type\":\"ImageObject\",\"inLanguage\":\"de\",\"@id\":\"https:\\\/\\\/www.hvk-bo.de\\\/hvk_neu\\\/#\\\/schema\\\/logo\\\/image\\\/\",\"url\":\"https:\\\/\\\/www.hvk-bo.de\\\/hvk_neu\\\/wp-content\\\/uploads\\\/2024\\\/06\\\/HvK_Logo_klein.png\",\"contentUrl\":\"https:\\\/\\\/www.hvk-bo.de\\\/hvk_neu\\\/wp-content\\\/uploads\\\/2024\\\/06\\\/HvK_Logo_klein.png\",\"width\":512,\"height\":512,\"caption\":\"Heinrich-von-Kleist-Gymnasium\"},\"image\":{\"@id\":\"https:\\\/\\\/www.hvk-bo.de\\\/hvk_neu\\\/#\\\/schema\\\/logo\\\/image\\\/\"}},{\"@type\":\"Person\",\"@id\":\"https:\\\/\\\/www.hvk-bo.de\\\/hvk_neu\\\/#\\\/schema\\\/person\\\/794a75d9b26b9307332ae4520c485be1\",\"name\":\"Michael Bra\u00df\",\"image\":{\"@type\":\"ImageObject\",\"inLanguage\":\"de\",\"@id\":\"https:\\\/\\\/secure.gravatar.com\\\/avatar\\\/4d4f3173b0525d68b6dd40a3b8a251b7175e4562a8b9dca3165604270abc96ec?s=96&d=mm&r=g\",\"url\":\"https:\\\/\\\/secure.gravatar.com\\\/avatar\\\/4d4f3173b0525d68b6dd40a3b8a251b7175e4562a8b9dca3165604270abc96ec?s=96&d=mm&r=g\",\"contentUrl\":\"https:\\\/\\\/secure.gravatar.com\\\/avatar\\\/4d4f3173b0525d68b6dd40a3b8a251b7175e4562a8b9dca3165604270abc96ec?s=96&d=mm&r=g\",\"caption\":\"Michael Bra\u00df\"},\"url\":\"https:\\\/\\\/www.hvk-bo.de\\\/hvk_neu\\\/author\\\/m_brass\\\/\"}]}<\/script>\n<!-- \/ Yoast SEO plugin. -->","yoast_head_json":{"title":"5er-Klassenfahrt nach Borkum - Sonne, Spa\u00df und viele Erlebnisse - Heinrich-von-Kleist-Gymnasium","robots":{"index":"index","follow":"follow","max-snippet":"max-snippet:-1","max-image-preview":"max-image-preview:large","max-video-preview":"max-video-preview:-1"},"canonical":"https:\/\/www.hvk-bo.de\/hvk_neu\/5er-klassenfahrt-nach-borkum-sonne-spass-und-viele-erlebnisse\/","og_locale":"de_DE","og_type":"article","og_title":"5er-Klassenfahrt nach Borkum - Sonne, Spa\u00df und viele Erlebnisse - Heinrich-von-Kleist-Gymnasium","og_description":"Vom 03. bis 07. November 2025 verbrachten die Klassen 5a, 5b, 5c und 5d gemeinsam mit ihren Klassenlehrerinnen und -lehrern [&hellip;]","og_url":"https:\/\/www.hvk-bo.de\/hvk_neu\/5er-klassenfahrt-nach-borkum-sonne-spass-und-viele-erlebnisse\/","og_site_name":"Heinrich-von-Kleist-Gymnasium","article_published_time":"2025-11-07T17:02:42+00:00","article_modified_time":"2025-11-13T14:44:34+00:00","og_image":[{"width":540,"height":360,"url":"https:\/\/www.hvk-bo.de\/hvk_neu\/wp-content\/uploads\/2025\/11\/Borkum-Abfahrt-teaser.webp","type":"image\/webp"}],"author":"Michael Bra\u00df","twitter_card":"summary_large_image","twitter_misc":{"Verfasst von":"Michael Bra\u00df","Gesch\u00e4tzte Lesezeit":"2\u00a0Minuten"},"schema":{"@context":"https:\/\/schema.org","@graph":[{"@type":"Article","@id":"https:\/\/www.hvk-bo.de\/hvk_neu\/5er-klassenfahrt-nach-borkum-sonne-spass-und-viele-erlebnisse\/#article","isPartOf":{"@id":"https:\/\/www.hvk-bo.de\/hvk_neu\/5er-klassenfahrt-nach-borkum-sonne-spass-und-viele-erlebnisse\/"},"author":{"name":"Michael Bra\u00df","@id":"https:\/\/www.hvk-bo.de\/hvk_neu\/#\/schema\/person\/794a75d9b26b9307332ae4520c485be1"},"headline":"5er-Klassenfahrt nach Borkum &#8211; Sonne, Spa\u00df und viele Erlebnisse","datePublished":"2025-11-07T17:02:42+00:00","dateModified":"2025-11-13T14:44:34+00:00","mainEntityOfPage":{"@id":"https:\/\/www.hvk-bo.de\/hvk_neu\/5er-klassenfahrt-nach-borkum-sonne-spass-und-viele-erlebnisse\/"},"wordCount":227,"publisher":{"@id":"https:\/\/www.hvk-bo.de\/hvk_neu\/#organization"},"image":{"@id":"https:\/\/www.hvk-bo.de\/hvk_neu\/5er-klassenfahrt-nach-borkum-sonne-spass-und-viele-erlebnisse\/#primaryimage"},"thumbnailUrl":"https:\/\/www.hvk-bo.de\/hvk_neu\/wp-content\/uploads\/2025\/11\/Borkum-Abfahrt-teaser.webp","articleSection":["Aktuelles"],"inLanguage":"de"},{"@type":"WebPage","@id":"https:\/\/www.hvk-bo.de\/hvk_neu\/5er-klassenfahrt-nach-borkum-sonne-spass-und-viele-erlebnisse\/","url":"https:\/\/www.hvk-bo.de\/hvk_neu\/5er-klassenfahrt-nach-borkum-sonne-spass-und-viele-erlebnisse\/","name":"5er-Klassenfahrt nach Borkum - Sonne, Spa\u00df und viele Erlebnisse - Heinrich-von-Kleist-Gymnasium","isPartOf":{"@id":"https:\/\/www.hvk-bo.de\/hvk_neu\/#website"},"primaryImageOfPage":{"@id":"https:\/\/www.hvk-bo.de\/hvk_neu\/5er-klassenfahrt-nach-borkum-sonne-spass-und-viele-erlebnisse\/#primaryimage"},"image":{"@id":"https:\/\/www.hvk-bo.de\/hvk_neu\/5er-klassenfahrt-nach-borkum-sonne-spass-und-viele-erlebnisse\/#primaryimage"},"thumbnailUrl":"https:\/\/www.hvk-bo.de\/hvk_neu\/wp-content\/uploads\/2025\/11\/Borkum-Abfahrt-teaser.webp","datePublished":"2025-11-07T17:02:42+00:00","dateModified":"2025-11-13T14:44:34+00:00","breadcrumb":{"@id":"https:\/\/www.hvk-bo.de\/hvk_neu\/5er-klassenfahrt-nach-borkum-sonne-spass-und-viele-erlebnisse\/#breadcrumb"},"inLanguage":"de","potentialAction":[{"@type":"ReadAction","target":["https:\/\/www.hvk-bo.de\/hvk_neu\/5er-klassenfahrt-nach-borkum-sonne-spass-und-viele-erlebnisse\/"]}]},{"@type":"ImageObject","inLanguage":"de","@id":"https:\/\/www.hvk-bo.de\/hvk_neu\/5er-klassenfahrt-nach-borkum-sonne-spass-und-viele-erlebnisse\/#primaryimage","url":"https:\/\/www.hvk-bo.de\/hvk_neu\/wp-content\/uploads\/2025\/11\/Borkum-Abfahrt-teaser.webp","contentUrl":"https:\/\/www.hvk-bo.de\/hvk_neu\/wp-content\/uploads\/2025\/11\/Borkum-Abfahrt-teaser.webp","width":540,"height":360},{"@type":"BreadcrumbList","@id":"https:\/\/www.hvk-bo.de\/hvk_neu\/5er-klassenfahrt-nach-borkum-sonne-spass-und-viele-erlebnisse\/#breadcrumb","itemListElement":[{"@type":"ListItem","position":1,"name":"Startseite","item":"https:\/\/www.hvk-bo.de\/hvk_neu\/"},{"@type":"ListItem","position":2,"name":"5er-Klassenfahrt nach Borkum &#8211; Sonne, Spa\u00df und viele Erlebnisse"}]},{"@type":"WebSite","@id":"https:\/\/www.hvk-bo.de\/hvk_neu\/#website","url":"https:\/\/www.hvk-bo.de\/hvk_neu\/","name":"Heinrich-von-Kleist-Gymnasium","description":"Ganztagsgymnasium","publisher":{"@id":"https:\/\/www.hvk-bo.de\/hvk_neu\/#organization"},"alternateName":"HvK Bochum","potentialAction":[{"@type":"SearchAction","target":{"@type":"EntryPoint","urlTemplate":"https:\/\/www.hvk-bo.de\/hvk_neu\/?s={search_term_string}"},"query-input":{"@type":"PropertyValueSpecification","valueRequired":true,"valueName":"search_term_string"}}],"inLanguage":"de"},{"@type":"Organization","@id":"https:\/\/www.hvk-bo.de\/hvk_neu\/#organization","name":"Heinrich-von-Kleist-Gymnasium","alternateName":"HvK Bochum","url":"https:\/\/www.hvk-bo.de\/hvk_neu\/","logo":{"@type":"ImageObject","inLanguage":"de","@id":"https:\/\/www.hvk-bo.de\/hvk_neu\/#\/schema\/logo\/image\/","url":"https:\/\/www.hvk-bo.de\/hvk_neu\/wp-content\/uploads\/2024\/06\/HvK_Logo_klein.png","contentUrl":"https:\/\/www.hvk-bo.de\/hvk_neu\/wp-content\/uploads\/2024\/06\/HvK_Logo_klein.png","width":512,"height":512,"caption":"Heinrich-von-Kleist-Gymnasium"},"image":{"@id":"https:\/\/www.hvk-bo.de\/hvk_neu\/#\/schema\/logo\/image\/"}},{"@type":"Person","@id":"https:\/\/www.hvk-bo.de\/hvk_neu\/#\/schema\/person\/794a75d9b26b9307332ae4520c485be1","name":"Michael Bra\u00df","image":{"@type":"ImageObject","inLanguage":"de","@id":"https:\/\/secure.gravatar.com\/avatar\/4d4f3173b0525d68b6dd40a3b8a251b7175e4562a8b9dca3165604270abc96ec?s=96&d=mm&r=g","url":"https:\/\/secure.gravatar.com\/avatar\/4d4f3173b0525d68b6dd40a3b8a251b7175e4562a8b9dca3165604270abc96ec?s=96&d=mm&r=g","contentUrl":"https:\/\/secure.gravatar.com\/avatar\/4d4f3173b0525d68b6dd40a3b8a251b7175e4562a8b9dca3165604270abc96ec?s=96&d=mm&r=g","caption":"Michael Bra\u00df"},"url":"https:\/\/www.hvk-bo.de\/hvk_neu\/author\/m_brass\/"}]}},"uagb_featured_image_src":{"full":["https:\/\/www.hvk-bo.de\/hvk_neu\/wp-content\/uploads\/2025\/11\/Borkum-Abfahrt-teaser.webp",540,360,false],"thumbnail":["https:\/\/www.hvk-bo.de\/hvk_neu\/wp-content\/uploads\/2025\/11\/Borkum-Abfahrt-teaser-150x150.webp",150,150,true],"medium":["https:\/\/www.hvk-bo.de\/hvk_neu\/wp-content\/uploads\/2025\/11\/Borkum-Abfahrt-teaser-300x200.webp",300,200,true],"medium_large":["https:\/\/www.hvk-bo.de\/hvk_neu\/wp-content\/uploads\/2025\/11\/Borkum-Abfahrt-teaser.webp",540,360,false],"large":["https:\/\/www.hvk-bo.de\/hvk_neu\/wp-content\/uploads\/2025\/11\/Borkum-Abfahrt-teaser.webp",540,360,false],"1536x1536":["https:\/\/www.hvk-bo.de\/hvk_neu\/wp-content\/uploads\/2025\/11\/Borkum-Abfahrt-teaser.webp",540,360,false],"2048x2048":["https:\/\/www.hvk-bo.de\/hvk_neu\/wp-content\/uploads\/2025\/11\/Borkum-Abfahrt-teaser.webp",540,360,false]},"uagb_author_info":{"display_name":"Michael Bra\u00df","author_link":"https:\/\/www.hvk-bo.de\/hvk_neu\/author\/m_brass\/"},"uagb_comment_info":0,"uagb_excerpt":"Vom 03. bis 07. November 2025 verbrachten die Klassen 5a, 5b, 5c und 5d gemeinsam mit ihren Klassenlehrerinnen und -lehrern [&hellip;]","_links":{"self":[{"href":"https:\/\/www.hvk-bo.de\/hvk_neu\/wp-json\/wp\/v2\/posts\/3653","targetHints":{"allow":["GET"]}}],"collection":[{"href":"https:\/\/www.hvk-bo.de\/hvk_neu\/wp-json\/wp\/v2\/posts"}],"about":[{"href":"https:\/\/www.hvk-bo.de\/hvk_neu\/wp-json\/wp\/v2\/types\/post"}],"author":[{"embeddable":true,"href":"https:\/\/www.hvk-bo.de\/hvk_neu\/wp-json\/wp\/v2\/users\/4"}],"replies":[{"embeddable":true,"href":"https:\/\/www.hvk-bo.de\/hvk_neu\/wp-json\/wp\/v2\/comments?post=3653"}],"version-history":[{"count":1,"href":"https:\/\/www.hvk-bo.de\/hvk_neu\/wp-json\/wp\/v2\/posts\/3653\/revisions"}],"predecessor-version":[{"id":3654,"href":"https:\/\/www.hvk-bo.de\/hvk_neu\/wp-json\/wp\/v2\/posts\/3653\/revisions\/3654"}],"wp:featuredmedia":[{"embeddable":true,"href":"https:\/\/www.hvk-bo.de\/hvk_neu\/wp-json\/wp\/v2\/media\/3665"}],"wp:attachment":[{"href":"https:\/\/www.hvk-bo.de\/hvk_neu\/wp-json\/wp\/v2\/media?parent=3653"}],"wp:term":[{"taxonomy":"category","embeddable":true,"href":"https:\/\/www.hvk-bo.de\/hvk_neu\/wp-json\/wp\/v2\/categories?post=3653"},{"taxonomy":"post_tag","embeddable":true,"href":"https:\/\/www.hvk-bo.de\/hvk_neu\/wp-json\/wp\/v2\/tags?post=3653"}],"curies":[{"name":"wp","href":"https:\/\/api.w.org\/{rel}","templated":true}]}}