{"id":3661,"date":"2025-11-12T20:16:59","date_gmt":"2025-11-12T19:16:59","guid":{"rendered":"https:\/\/www.hvk-bo.de\/hvk_neu\/?p=3661"},"modified":"2025-11-13T16:04:38","modified_gmt":"2025-11-13T15:04:38","slug":"fussballer-als-stadtmeister-auf-regierungsbezirksebene-vertreten","status":"publish","type":"post","link":"https:\/\/www.hvk-bo.de\/hvk_neu\/fussballer-als-stadtmeister-auf-regierungsbezirksebene-vertreten\/","title":{"rendered":"Fu\u00dfballer als Stadtmeister auf Regierungsbezirksebene vertreten"},"content":{"rendered":"\n<div class=\"wp-block-uagb-container uagb-block-e9e85f6b alignfull uagb-is-root-container\"><div class=\"uagb-container-inner-blocks-wrap\">\n<p>Am gestrigen Mittwoch gastierte unser U18 Team im Sportzentrum Westenfeld um gegen die anderen Vorrundensieger der Stadtmeisterschaften Fu\u00dfball des Schuljahres 2025\/26 anzutreten. Als einzige Nicht-Wattenscheider Schule traten wir gegen die MSM \u2013 Hellweg und RS-H\u00f6ntrop an. An Letzterer war ein Spieler aktiv, der im letzten Schuljahr noch die Stollenschuhe f\u00fcr unsere Farben schn\u00fcrte &#8211; Jason Jedrowiak &#8211; , der immer noch gute Kontakte zu unserer Schule und einige Freude am HvK hat.<br>Das erste Spiel war dann auch direkt gegen H\u00f6ntrop. Unsere Mannschaft dominierte klar die erste Halbzeit und ging mit einem 2:0 in die kurze Pause. Obwohl in der Pause angesprochen wurde, dass weiter Druck gemacht und noch ein weiteres Tor nachgelegt werden m\u00fcsse um Entlastung zu schaffen, kassierte man direkt zu Beginn den Anschlusstreffer. H\u00f6ntrop dr\u00fcckte und versuchte uns hoch anzulaufen, doch nach kurzer Zeit konnten wir uns von dem Druck befreien und fanden ins Spiel zur\u00fcck. In die Druckphase der Gegner konnten wir unser drittes Tor erzielen und das Spiel war zu unseren Gunsten entschieden.<br>Im zweiten Spiel trafen wir auf die MSM, die von unseren Spieler als die st\u00e4rkste der antretenden Mannschaften eingesch\u00e4tzt wurde.<br>Dem Spiel wohnten viele kleine Nickeligkeiten inne, sodass einige unsere Spieler zur Halbzeit auf K\u00fchlpacks angewiesen waren um ihre Blessuren zu behandeln. F\u00fcr Marius ging es leider nicht weiter, ein Tritt in die Ferse zwang ihn das Turnier vorzeitig zu beenden. F\u00fcr ihn kam Younes ins Spiel und ersetzte ihn auf der rechten Sturmseite. Mit viel Engagement zogen wir das Spiel auf unsere Seite und konnten dank einer geschlossenen Mannschaftsleistung das Spiel mit 2:1 gewinnen.<br>Damit hatten wir uns einen kleinen Vorteil vor dem letzten Spiel gegen Hellweg verschafft, da MSM und Hellweg nur unentschieden gegeneinander spielten, h\u00e4tte uns ein Unentschieden zum Gewinn des Titels gereicht.<br>Aber auf Unentschieden spielt man nicht und dementsprechend ging unsere Mannschaft auch das letzte Spiel des gestrigen Tages an. Viel Laufbereitschaft, ein gute \u00dcbersicht von Maxi Wagner, ein besonnener und immer gut positioniert Philip R\u00f6hrig im Tor, sowie der treibende Motor Eli Wilke sorgten kurz vor Ende der ersten Halbzeit f\u00fcr das F\u00fchrungstor. Aber Hellweg kam noch einmal zur\u00fcck, da auch sie noch die Chance auf den Titel hatten. Sie dr\u00fcckten uns in die Defensive und konnten die B\u00e4lle kaum entscheidend kl\u00e4ren, sodass die logische Folge der Ausgleichstreffer war. Aber unsere Jungs lie\u00dfen die K\u00f6pfe nicht h\u00e4ngen und hielten dagegen. In dem Wissen, dass uns ein Unentschieden reichen w\u00fcrde, da Hellweg gewinnen musste, nutzten wir immer wieder sich uns bietende R\u00e4ume um zu attackieren und dieses Engagement sollte belohnt werden. Kurz vor Schluss erzielten wir das 2:1 und lie\u00dfen keine nennenswerte Chance des Gegners mehr zu, sodass das HvK nach zwei Jahren Absenz wieder ganz oben auf dem Treppchen steht und den Stadtmeistertitel ungeschlagen erringen konnte.<br><br>Im April 2026 geht es dann auf Bezirksebene weiter und die Vorrunde wird in Herne ausgespielt. Die Jungs sind hochmotiviert, da sie noch eine Rechnung von den letzten Regierungsmeisterschaften offen haben. Damals wurde das Landesfinale wegen eines Abseits Tores des Gegners nicht erreicht, das soll kommendes Jahr anders sein. W\u00fcnscht uns Gl\u00fcck.<\/p>\n\n\n\n<figure data-spectra-id=\"spectra-6db5b2ba-1969-4265-b306-545291c0cac8\" class=\"wp-block-image aligncenter size-large\"><img loading=\"lazy\" decoding=\"async\" width=\"1024\" height=\"658\" src=\"https:\/\/www.hvk-bo.de\/hvk_neu\/wp-content\/uploads\/2025\/11\/statdmeister-1024x658.webp\" alt=\"\" class=\"wp-image-3669\" srcset=\"https:\/\/www.hvk-bo.de\/hvk_neu\/wp-content\/uploads\/2025\/11\/statdmeister-1024x658.webp 1024w, https:\/\/www.hvk-bo.de\/hvk_neu\/wp-content\/uploads\/2025\/11\/statdmeister-300x193.webp 300w, https:\/\/www.hvk-bo.de\/hvk_neu\/wp-content\/uploads\/2025\/11\/statdmeister-768x494.webp 768w, https:\/\/www.hvk-bo.de\/hvk_neu\/wp-content\/uploads\/2025\/11\/statdmeister.webp 1400w\" sizes=\"auto, (max-width: 1024px) 100vw, 1024px\" \/><\/figure>\n<\/div><\/div>\n","protected":false},"excerpt":{"rendered":"<p>Am gestrigen Mittwoch gastierte unser U18 Team im Sportzentrum Westenfeld um gegen die anderen Vorrundensieger der Stadtmeisterschaften Fu\u00dfball des Schuljahres [&hellip;]<\/p>\n","protected":false},"author":4,"featured_media":3666,"comment_status":"closed","ping_status":"closed","sticky":false,"template":"","format":"standard","meta":{"_uag_custom_page_level_css":"","site-sidebar-layout":"default","site-content-layout":"","ast-site-content-layout":"default","site-content-style":"default","site-sidebar-style":"default","ast-global-header-display":"","ast-banner-title-visibility":"","ast-main-header-display":"","ast-hfb-above-header-display":"","ast-hfb-below-header-display":"","ast-hfb-mobile-header-display":"","site-post-title":"","ast-breadcrumbs-content":"","ast-featured-img":"","footer-sml-layout":"","ast-disable-related-posts":"","theme-transparent-header-meta":"","adv-header-id-meta":"","stick-header-meta":"","header-above-stick-meta":"","header-main-stick-meta":"","header-below-stick-meta":"","astra-migrate-meta-layouts":"default","ast-page-background-enabled":"default","ast-page-background-meta":{"desktop":{"background-color":"var(--ast-global-color-4)","background-image":"","background-repeat":"repeat","background-position":"center center","background-size":"auto","background-attachment":"scroll","background-type":"","background-media":"","overlay-type":"","overlay-color":"","overlay-opacity":"","overlay-gradient":""},"tablet":{"background-color":"","background-image":"","background-repeat":"repeat","background-position":"center center","background-size":"auto","background-attachment":"scroll","background-type":"","background-media":"","overlay-type":"","overlay-color":"","overlay-opacity":"","overlay-gradient":""},"mobile":{"background-color":"","background-image":"","background-repeat":"repeat","background-position":"center center","background-size":"auto","background-attachment":"scroll","background-type":"","background-media":"","overlay-type":"","overlay-color":"","overlay-opacity":"","overlay-gradient":""}},"ast-content-background-meta":{"desktop":{"background-color":"var(--ast-global-color-5)","background-image":"","background-repeat":"repeat","background-position":"center center","background-size":"auto","background-attachment":"scroll","background-type":"","background-media":"","overlay-type":"","overlay-color":"","overlay-opacity":"","overlay-gradient":""},"tablet":{"background-color":"var(--ast-global-color-5)","background-image":"","background-repeat":"repeat","background-position":"center center","background-size":"auto","background-attachment":"scroll","background-type":"","background-media":"","overlay-type":"","overlay-color":"","overlay-opacity":"","overlay-gradient":""},"mobile":{"background-color":"var(--ast-global-color-5)","background-image":"","background-repeat":"repeat","background-position":"center center","background-size":"auto","background-attachment":"scroll","background-type":"","background-media":"","overlay-type":"","overlay-color":"","overlay-opacity":"","overlay-gradient":""}},"footnotes":""},"categories":[7,1],"tags":[],"class_list":["post-3661","post","type-post","status-publish","format-standard","has-post-thumbnail","hentry","category-aktuell","category-allgemein"],"yoast_head":"<!-- This site is optimized with the Yoast SEO plugin v27.5 - https:\/\/yoast.com\/product\/yoast-seo-wordpress\/ -->\n<title>Fu\u00dfballer als Stadtmeister auf Regierungsbezirksebene vertreten - Heinrich-von-Kleist-Gymnasium<\/title>\n<meta name=\"robots\" content=\"index, follow, max-snippet:-1, max-image-preview:large, max-video-preview:-1\" \/>\n<link rel=\"canonical\" href=\"https:\/\/www.hvk-bo.de\/hvk_neu\/fussballer-als-stadtmeister-auf-regierungsbezirksebene-vertreten\/\" \/>\n<meta property=\"og:locale\" content=\"de_DE\" \/>\n<meta property=\"og:type\" content=\"article\" \/>\n<meta property=\"og:title\" content=\"Fu\u00dfballer als Stadtmeister auf Regierungsbezirksebene vertreten - Heinrich-von-Kleist-Gymnasium\" \/>\n<meta property=\"og:description\" content=\"Am gestrigen Mittwoch gastierte unser U18 Team im Sportzentrum Westenfeld um gegen die anderen Vorrundensieger der Stadtmeisterschaften Fu\u00dfball des Schuljahres [&hellip;]\" \/>\n<meta property=\"og:url\" content=\"https:\/\/www.hvk-bo.de\/hvk_neu\/fussballer-als-stadtmeister-auf-regierungsbezirksebene-vertreten\/\" \/>\n<meta property=\"og:site_name\" content=\"Heinrich-von-Kleist-Gymnasium\" \/>\n<meta property=\"article:published_time\" content=\"2025-11-12T19:16:59+00:00\" \/>\n<meta property=\"article:modified_time\" content=\"2025-11-13T15:04:38+00:00\" \/>\n<meta property=\"og:image\" content=\"https:\/\/www.hvk-bo.de\/hvk_neu\/wp-content\/uploads\/2025\/11\/statdmeister_teaser.webp\" \/>\n\t<meta property=\"og:image:width\" content=\"540\" \/>\n\t<meta property=\"og:image:height\" content=\"360\" \/>\n\t<meta property=\"og:image:type\" content=\"image\/webp\" \/>\n<meta name=\"author\" content=\"Michael Bra\u00df\" \/>\n<meta name=\"twitter:card\" content=\"summary_large_image\" \/>\n<meta name=\"twitter:label1\" content=\"Verfasst von\" \/>\n\t<meta name=\"twitter:data1\" content=\"Michael Bra\u00df\" \/>\n\t<meta name=\"twitter:label2\" content=\"Gesch\u00e4tzte Lesezeit\" \/>\n\t<meta name=\"twitter:data2\" content=\"4\u00a0Minuten\" \/>\n<script type=\"application\/ld+json\" class=\"yoast-schema-graph\">{\"@context\":\"https:\\\/\\\/schema.org\",\"@graph\":[{\"@type\":\"Article\",\"@id\":\"https:\\\/\\\/www.hvk-bo.de\\\/hvk_neu\\\/fussballer-als-stadtmeister-auf-regierungsbezirksebene-vertreten\\\/#article\",\"isPartOf\":{\"@id\":\"https:\\\/\\\/www.hvk-bo.de\\\/hvk_neu\\\/fussballer-als-stadtmeister-auf-regierungsbezirksebene-vertreten\\\/\"},\"author\":{\"name\":\"Michael Bra\u00df\",\"@id\":\"https:\\\/\\\/www.hvk-bo.de\\\/hvk_neu\\\/#\\\/schema\\\/person\\\/794a75d9b26b9307332ae4520c485be1\"},\"headline\":\"Fu\u00dfballer als Stadtmeister auf Regierungsbezirksebene vertreten\",\"datePublished\":\"2025-11-12T19:16:59+00:00\",\"dateModified\":\"2025-11-13T15:04:38+00:00\",\"mainEntityOfPage\":{\"@id\":\"https:\\\/\\\/www.hvk-bo.de\\\/hvk_neu\\\/fussballer-als-stadtmeister-auf-regierungsbezirksebene-vertreten\\\/\"},\"wordCount\":542,\"publisher\":{\"@id\":\"https:\\\/\\\/www.hvk-bo.de\\\/hvk_neu\\\/#organization\"},\"image\":{\"@id\":\"https:\\\/\\\/www.hvk-bo.de\\\/hvk_neu\\\/fussballer-als-stadtmeister-auf-regierungsbezirksebene-vertreten\\\/#primaryimage\"},\"thumbnailUrl\":\"https:\\\/\\\/www.hvk-bo.de\\\/hvk_neu\\\/wp-content\\\/uploads\\\/2025\\\/11\\\/statdmeister_teaser.webp\",\"articleSection\":[\"Aktuelles\"],\"inLanguage\":\"de\"},{\"@type\":\"WebPage\",\"@id\":\"https:\\\/\\\/www.hvk-bo.de\\\/hvk_neu\\\/fussballer-als-stadtmeister-auf-regierungsbezirksebene-vertreten\\\/\",\"url\":\"https:\\\/\\\/www.hvk-bo.de\\\/hvk_neu\\\/fussballer-als-stadtmeister-auf-regierungsbezirksebene-vertreten\\\/\",\"name\":\"Fu\u00dfballer als Stadtmeister auf Regierungsbezirksebene vertreten - Heinrich-von-Kleist-Gymnasium\",\"isPartOf\":{\"@id\":\"https:\\\/\\\/www.hvk-bo.de\\\/hvk_neu\\\/#website\"},\"primaryImageOfPage\":{\"@id\":\"https:\\\/\\\/www.hvk-bo.de\\\/hvk_neu\\\/fussballer-als-stadtmeister-auf-regierungsbezirksebene-vertreten\\\/#primaryimage\"},\"image\":{\"@id\":\"https:\\\/\\\/www.hvk-bo.de\\\/hvk_neu\\\/fussballer-als-stadtmeister-auf-regierungsbezirksebene-vertreten\\\/#primaryimage\"},\"thumbnailUrl\":\"https:\\\/\\\/www.hvk-bo.de\\\/hvk_neu\\\/wp-content\\\/uploads\\\/2025\\\/11\\\/statdmeister_teaser.webp\",\"datePublished\":\"2025-11-12T19:16:59+00:00\",\"dateModified\":\"2025-11-13T15:04:38+00:00\",\"breadcrumb\":{\"@id\":\"https:\\\/\\\/www.hvk-bo.de\\\/hvk_neu\\\/fussballer-als-stadtmeister-auf-regierungsbezirksebene-vertreten\\\/#breadcrumb\"},\"inLanguage\":\"de\",\"potentialAction\":[{\"@type\":\"ReadAction\",\"target\":[\"https:\\\/\\\/www.hvk-bo.de\\\/hvk_neu\\\/fussballer-als-stadtmeister-auf-regierungsbezirksebene-vertreten\\\/\"]}]},{\"@type\":\"ImageObject\",\"inLanguage\":\"de\",\"@id\":\"https:\\\/\\\/www.hvk-bo.de\\\/hvk_neu\\\/fussballer-als-stadtmeister-auf-regierungsbezirksebene-vertreten\\\/#primaryimage\",\"url\":\"https:\\\/\\\/www.hvk-bo.de\\\/hvk_neu\\\/wp-content\\\/uploads\\\/2025\\\/11\\\/statdmeister_teaser.webp\",\"contentUrl\":\"https:\\\/\\\/www.hvk-bo.de\\\/hvk_neu\\\/wp-content\\\/uploads\\\/2025\\\/11\\\/statdmeister_teaser.webp\",\"width\":540,\"height\":360},{\"@type\":\"BreadcrumbList\",\"@id\":\"https:\\\/\\\/www.hvk-bo.de\\\/hvk_neu\\\/fussballer-als-stadtmeister-auf-regierungsbezirksebene-vertreten\\\/#breadcrumb\",\"itemListElement\":[{\"@type\":\"ListItem\",\"position\":1,\"name\":\"Startseite\",\"item\":\"https:\\\/\\\/www.hvk-bo.de\\\/hvk_neu\\\/\"},{\"@type\":\"ListItem\",\"position\":2,\"name\":\"Fu\u00dfballer als Stadtmeister auf Regierungsbezirksebene vertreten\"}]},{\"@type\":\"WebSite\",\"@id\":\"https:\\\/\\\/www.hvk-bo.de\\\/hvk_neu\\\/#website\",\"url\":\"https:\\\/\\\/www.hvk-bo.de\\\/hvk_neu\\\/\",\"name\":\"Heinrich-von-Kleist-Gymnasium\",\"description\":\"Ganztagsgymnasium\",\"publisher\":{\"@id\":\"https:\\\/\\\/www.hvk-bo.de\\\/hvk_neu\\\/#organization\"},\"alternateName\":\"HvK Bochum\",\"potentialAction\":[{\"@type\":\"SearchAction\",\"target\":{\"@type\":\"EntryPoint\",\"urlTemplate\":\"https:\\\/\\\/www.hvk-bo.de\\\/hvk_neu\\\/?s={search_term_string}\"},\"query-input\":{\"@type\":\"PropertyValueSpecification\",\"valueRequired\":true,\"valueName\":\"search_term_string\"}}],\"inLanguage\":\"de\"},{\"@type\":\"Organization\",\"@id\":\"https:\\\/\\\/www.hvk-bo.de\\\/hvk_neu\\\/#organization\",\"name\":\"Heinrich-von-Kleist-Gymnasium\",\"alternateName\":\"HvK Bochum\",\"url\":\"https:\\\/\\\/www.hvk-bo.de\\\/hvk_neu\\\/\",\"logo\":{\"@type\":\"ImageObject\",\"inLanguage\":\"de\",\"@id\":\"https:\\\/\\\/www.hvk-bo.de\\\/hvk_neu\\\/#\\\/schema\\\/logo\\\/image\\\/\",\"url\":\"https:\\\/\\\/www.hvk-bo.de\\\/hvk_neu\\\/wp-content\\\/uploads\\\/2024\\\/06\\\/HvK_Logo_klein.png\",\"contentUrl\":\"https:\\\/\\\/www.hvk-bo.de\\\/hvk_neu\\\/wp-content\\\/uploads\\\/2024\\\/06\\\/HvK_Logo_klein.png\",\"width\":512,\"height\":512,\"caption\":\"Heinrich-von-Kleist-Gymnasium\"},\"image\":{\"@id\":\"https:\\\/\\\/www.hvk-bo.de\\\/hvk_neu\\\/#\\\/schema\\\/logo\\\/image\\\/\"}},{\"@type\":\"Person\",\"@id\":\"https:\\\/\\\/www.hvk-bo.de\\\/hvk_neu\\\/#\\\/schema\\\/person\\\/794a75d9b26b9307332ae4520c485be1\",\"name\":\"Michael Bra\u00df\",\"image\":{\"@type\":\"ImageObject\",\"inLanguage\":\"de\",\"@id\":\"https:\\\/\\\/secure.gravatar.com\\\/avatar\\\/4d4f3173b0525d68b6dd40a3b8a251b7175e4562a8b9dca3165604270abc96ec?s=96&d=mm&r=g\",\"url\":\"https:\\\/\\\/secure.gravatar.com\\\/avatar\\\/4d4f3173b0525d68b6dd40a3b8a251b7175e4562a8b9dca3165604270abc96ec?s=96&d=mm&r=g\",\"contentUrl\":\"https:\\\/\\\/secure.gravatar.com\\\/avatar\\\/4d4f3173b0525d68b6dd40a3b8a251b7175e4562a8b9dca3165604270abc96ec?s=96&d=mm&r=g\",\"caption\":\"Michael Bra\u00df\"},\"url\":\"https:\\\/\\\/www.hvk-bo.de\\\/hvk_neu\\\/author\\\/m_brass\\\/\"}]}<\/script>\n<!-- \/ Yoast SEO plugin. -->","yoast_head_json":{"title":"Fu\u00dfballer als Stadtmeister auf Regierungsbezirksebene vertreten - Heinrich-von-Kleist-Gymnasium","robots":{"index":"index","follow":"follow","max-snippet":"max-snippet:-1","max-image-preview":"max-image-preview:large","max-video-preview":"max-video-preview:-1"},"canonical":"https:\/\/www.hvk-bo.de\/hvk_neu\/fussballer-als-stadtmeister-auf-regierungsbezirksebene-vertreten\/","og_locale":"de_DE","og_type":"article","og_title":"Fu\u00dfballer als Stadtmeister auf Regierungsbezirksebene vertreten - Heinrich-von-Kleist-Gymnasium","og_description":"Am gestrigen Mittwoch gastierte unser U18 Team im Sportzentrum Westenfeld um gegen die anderen Vorrundensieger der Stadtmeisterschaften Fu\u00dfball des Schuljahres [&hellip;]","og_url":"https:\/\/www.hvk-bo.de\/hvk_neu\/fussballer-als-stadtmeister-auf-regierungsbezirksebene-vertreten\/","og_site_name":"Heinrich-von-Kleist-Gymnasium","article_published_time":"2025-11-12T19:16:59+00:00","article_modified_time":"2025-11-13T15:04:38+00:00","og_image":[{"width":540,"height":360,"url":"https:\/\/www.hvk-bo.de\/hvk_neu\/wp-content\/uploads\/2025\/11\/statdmeister_teaser.webp","type":"image\/webp"}],"author":"Michael Bra\u00df","twitter_card":"summary_large_image","twitter_misc":{"Verfasst von":"Michael Bra\u00df","Gesch\u00e4tzte Lesezeit":"4\u00a0Minuten"},"schema":{"@context":"https:\/\/schema.org","@graph":[{"@type":"Article","@id":"https:\/\/www.hvk-bo.de\/hvk_neu\/fussballer-als-stadtmeister-auf-regierungsbezirksebene-vertreten\/#article","isPartOf":{"@id":"https:\/\/www.hvk-bo.de\/hvk_neu\/fussballer-als-stadtmeister-auf-regierungsbezirksebene-vertreten\/"},"author":{"name":"Michael Bra\u00df","@id":"https:\/\/www.hvk-bo.de\/hvk_neu\/#\/schema\/person\/794a75d9b26b9307332ae4520c485be1"},"headline":"Fu\u00dfballer als Stadtmeister auf Regierungsbezirksebene vertreten","datePublished":"2025-11-12T19:16:59+00:00","dateModified":"2025-11-13T15:04:38+00:00","mainEntityOfPage":{"@id":"https:\/\/www.hvk-bo.de\/hvk_neu\/fussballer-als-stadtmeister-auf-regierungsbezirksebene-vertreten\/"},"wordCount":542,"publisher":{"@id":"https:\/\/www.hvk-bo.de\/hvk_neu\/#organization"},"image":{"@id":"https:\/\/www.hvk-bo.de\/hvk_neu\/fussballer-als-stadtmeister-auf-regierungsbezirksebene-vertreten\/#primaryimage"},"thumbnailUrl":"https:\/\/www.hvk-bo.de\/hvk_neu\/wp-content\/uploads\/2025\/11\/statdmeister_teaser.webp","articleSection":["Aktuelles"],"inLanguage":"de"},{"@type":"WebPage","@id":"https:\/\/www.hvk-bo.de\/hvk_neu\/fussballer-als-stadtmeister-auf-regierungsbezirksebene-vertreten\/","url":"https:\/\/www.hvk-bo.de\/hvk_neu\/fussballer-als-stadtmeister-auf-regierungsbezirksebene-vertreten\/","name":"Fu\u00dfballer als Stadtmeister auf Regierungsbezirksebene vertreten - Heinrich-von-Kleist-Gymnasium","isPartOf":{"@id":"https:\/\/www.hvk-bo.de\/hvk_neu\/#website"},"primaryImageOfPage":{"@id":"https:\/\/www.hvk-bo.de\/hvk_neu\/fussballer-als-stadtmeister-auf-regierungsbezirksebene-vertreten\/#primaryimage"},"image":{"@id":"https:\/\/www.hvk-bo.de\/hvk_neu\/fussballer-als-stadtmeister-auf-regierungsbezirksebene-vertreten\/#primaryimage"},"thumbnailUrl":"https:\/\/www.hvk-bo.de\/hvk_neu\/wp-content\/uploads\/2025\/11\/statdmeister_teaser.webp","datePublished":"2025-11-12T19:16:59+00:00","dateModified":"2025-11-13T15:04:38+00:00","breadcrumb":{"@id":"https:\/\/www.hvk-bo.de\/hvk_neu\/fussballer-als-stadtmeister-auf-regierungsbezirksebene-vertreten\/#breadcrumb"},"inLanguage":"de","potentialAction":[{"@type":"ReadAction","target":["https:\/\/www.hvk-bo.de\/hvk_neu\/fussballer-als-stadtmeister-auf-regierungsbezirksebene-vertreten\/"]}]},{"@type":"ImageObject","inLanguage":"de","@id":"https:\/\/www.hvk-bo.de\/hvk_neu\/fussballer-als-stadtmeister-auf-regierungsbezirksebene-vertreten\/#primaryimage","url":"https:\/\/www.hvk-bo.de\/hvk_neu\/wp-content\/uploads\/2025\/11\/statdmeister_teaser.webp","contentUrl":"https:\/\/www.hvk-bo.de\/hvk_neu\/wp-content\/uploads\/2025\/11\/statdmeister_teaser.webp","width":540,"height":360},{"@type":"BreadcrumbList","@id":"https:\/\/www.hvk-bo.de\/hvk_neu\/fussballer-als-stadtmeister-auf-regierungsbezirksebene-vertreten\/#breadcrumb","itemListElement":[{"@type":"ListItem","position":1,"name":"Startseite","item":"https:\/\/www.hvk-bo.de\/hvk_neu\/"},{"@type":"ListItem","position":2,"name":"Fu\u00dfballer als Stadtmeister auf Regierungsbezirksebene vertreten"}]},{"@type":"WebSite","@id":"https:\/\/www.hvk-bo.de\/hvk_neu\/#website","url":"https:\/\/www.hvk-bo.de\/hvk_neu\/","name":"Heinrich-von-Kleist-Gymnasium","description":"Ganztagsgymnasium","publisher":{"@id":"https:\/\/www.hvk-bo.de\/hvk_neu\/#organization"},"alternateName":"HvK Bochum","potentialAction":[{"@type":"SearchAction","target":{"@type":"EntryPoint","urlTemplate":"https:\/\/www.hvk-bo.de\/hvk_neu\/?s={search_term_string}"},"query-input":{"@type":"PropertyValueSpecification","valueRequired":true,"valueName":"search_term_string"}}],"inLanguage":"de"},{"@type":"Organization","@id":"https:\/\/www.hvk-bo.de\/hvk_neu\/#organization","name":"Heinrich-von-Kleist-Gymnasium","alternateName":"HvK Bochum","url":"https:\/\/www.hvk-bo.de\/hvk_neu\/","logo":{"@type":"ImageObject","inLanguage":"de","@id":"https:\/\/www.hvk-bo.de\/hvk_neu\/#\/schema\/logo\/image\/","url":"https:\/\/www.hvk-bo.de\/hvk_neu\/wp-content\/uploads\/2024\/06\/HvK_Logo_klein.png","contentUrl":"https:\/\/www.hvk-bo.de\/hvk_neu\/wp-content\/uploads\/2024\/06\/HvK_Logo_klein.png","width":512,"height":512,"caption":"Heinrich-von-Kleist-Gymnasium"},"image":{"@id":"https:\/\/www.hvk-bo.de\/hvk_neu\/#\/schema\/logo\/image\/"}},{"@type":"Person","@id":"https:\/\/www.hvk-bo.de\/hvk_neu\/#\/schema\/person\/794a75d9b26b9307332ae4520c485be1","name":"Michael Bra\u00df","image":{"@type":"ImageObject","inLanguage":"de","@id":"https:\/\/secure.gravatar.com\/avatar\/4d4f3173b0525d68b6dd40a3b8a251b7175e4562a8b9dca3165604270abc96ec?s=96&d=mm&r=g","url":"https:\/\/secure.gravatar.com\/avatar\/4d4f3173b0525d68b6dd40a3b8a251b7175e4562a8b9dca3165604270abc96ec?s=96&d=mm&r=g","contentUrl":"https:\/\/secure.gravatar.com\/avatar\/4d4f3173b0525d68b6dd40a3b8a251b7175e4562a8b9dca3165604270abc96ec?s=96&d=mm&r=g","caption":"Michael Bra\u00df"},"url":"https:\/\/www.hvk-bo.de\/hvk_neu\/author\/m_brass\/"}]}},"uagb_featured_image_src":{"full":["https:\/\/www.hvk-bo.de\/hvk_neu\/wp-content\/uploads\/2025\/11\/statdmeister_teaser.webp",540,360,false],"thumbnail":["https:\/\/www.hvk-bo.de\/hvk_neu\/wp-content\/uploads\/2025\/11\/statdmeister_teaser-150x150.webp",150,150,true],"medium":["https:\/\/www.hvk-bo.de\/hvk_neu\/wp-content\/uploads\/2025\/11\/statdmeister_teaser-300x200.webp",300,200,true],"medium_large":["https:\/\/www.hvk-bo.de\/hvk_neu\/wp-content\/uploads\/2025\/11\/statdmeister_teaser.webp",540,360,false],"large":["https:\/\/www.hvk-bo.de\/hvk_neu\/wp-content\/uploads\/2025\/11\/statdmeister_teaser.webp",540,360,false],"1536x1536":["https:\/\/www.hvk-bo.de\/hvk_neu\/wp-content\/uploads\/2025\/11\/statdmeister_teaser.webp",540,360,false],"2048x2048":["https:\/\/www.hvk-bo.de\/hvk_neu\/wp-content\/uploads\/2025\/11\/statdmeister_teaser.webp",540,360,false]},"uagb_author_info":{"display_name":"Michael Bra\u00df","author_link":"https:\/\/www.hvk-bo.de\/hvk_neu\/author\/m_brass\/"},"uagb_comment_info":0,"uagb_excerpt":"Am gestrigen Mittwoch gastierte unser U18 Team im Sportzentrum Westenfeld um gegen die anderen Vorrundensieger der Stadtmeisterschaften Fu\u00dfball des Schuljahres [&hellip;]","_links":{"self":[{"href":"https:\/\/www.hvk-bo.de\/hvk_neu\/wp-json\/wp\/v2\/posts\/3661","targetHints":{"allow":["GET"]}}],"collection":[{"href":"https:\/\/www.hvk-bo.de\/hvk_neu\/wp-json\/wp\/v2\/posts"}],"about":[{"href":"https:\/\/www.hvk-bo.de\/hvk_neu\/wp-json\/wp\/v2\/types\/post"}],"author":[{"embeddable":true,"href":"https:\/\/www.hvk-bo.de\/hvk_neu\/wp-json\/wp\/v2\/users\/4"}],"replies":[{"embeddable":true,"href":"https:\/\/www.hvk-bo.de\/hvk_neu\/wp-json\/wp\/v2\/comments?post=3661"}],"version-history":[{"count":4,"href":"https:\/\/www.hvk-bo.de\/hvk_neu\/wp-json\/wp\/v2\/posts\/3661\/revisions"}],"predecessor-version":[{"id":3671,"href":"https:\/\/www.hvk-bo.de\/hvk_neu\/wp-json\/wp\/v2\/posts\/3661\/revisions\/3671"}],"wp:featuredmedia":[{"embeddable":true,"href":"https:\/\/www.hvk-bo.de\/hvk_neu\/wp-json\/wp\/v2\/media\/3666"}],"wp:attachment":[{"href":"https:\/\/www.hvk-bo.de\/hvk_neu\/wp-json\/wp\/v2\/media?parent=3661"}],"wp:term":[{"taxonomy":"category","embeddable":true,"href":"https:\/\/www.hvk-bo.de\/hvk_neu\/wp-json\/wp\/v2\/categories?post=3661"},{"taxonomy":"post_tag","embeddable":true,"href":"https:\/\/www.hvk-bo.de\/hvk_neu\/wp-json\/wp\/v2\/tags?post=3661"}],"curies":[{"name":"wp","href":"https:\/\/api.w.org\/{rel}","templated":true}]}}