{"id":3703,"date":"2025-12-08T14:56:29","date_gmt":"2025-12-08T13:56:29","guid":{"rendered":"https:\/\/www.hvk-bo.de\/hvk_neu\/?p=3703"},"modified":"2025-12-19T13:52:49","modified_gmt":"2025-12-19T12:52:49","slug":"einladung-zum-adventsgottesdienst-am-freitag-den-19-12-um-12-uhr","status":"publish","type":"post","link":"https:\/\/www.hvk-bo.de\/hvk_neu\/einladung-zum-adventsgottesdienst-am-freitag-den-19-12-um-12-uhr\/","title":{"rendered":"Einladung zum Adventsgottesdienst am Freitag, den 19.12. um 12 Uhr"},"content":{"rendered":"\n<div class=\"wp-block-uagb-container uagb-block-b94737b8 alignfull uagb-is-root-container\"><div class=\"uagb-container-inner-blocks-wrap\">\n<p>Zum Abschluss des Kalenderjahres laden wir zu unserem traditionellen Advents- und Friedenslichtgottesdienst am Freitag, den 19.12.2025 ab 12 Uhr in die Kirche St. Elisabeth an der Hiltroper Landwehr 7A. Wir werden in die aktuelle Zeit hinein ein \u201eStop im Advent\u201c setzen.<br><br>Wenn Sie zum Ende des Gottesdienstes das Friedenslicht aus Bethlehem als Zeichen der Hoffnung und des Friedens in einer derzeit wenig friedvollen Welt mit in Ihre Familien nehmen m\u00f6chten, bringen Sie entsprechende Kerzen, Laternen und Transportgef\u00e4\u00dfe mit.<br><br>Unseren Gottesdienst und weitere adventliche Angebote im Bochumer Norden finden Sie hier: <a href=\"https:\/\/www.bochum-tourismus.de\/bochum-entdecken\/bo-nord.html#c41157\">https:\/\/www.bochum-tourismus.de\/bochum-entdecken\/bo-nord.html#c41157<\/a><\/p>\n<\/div><\/div>\n","protected":false},"excerpt":{"rendered":"<p>Zum Abschluss des Kalenderjahres laden wir zu unserem traditionellen Advents- und Friedenslichtgottesdienst am Freitag, den 19.12.2025 ab 12 Uhr in [&hellip;]<\/p>\n","protected":false},"author":4,"featured_media":0,"comment_status":"closed","ping_status":"closed","sticky":false,"template":"","format":"standard","meta":{"_uag_custom_page_level_css":"","site-sidebar-layout":"default","site-content-layout":"","ast-site-content-layout":"default","site-content-style":"default","site-sidebar-style":"default","ast-global-header-display":"","ast-banner-title-visibility":"","ast-main-header-display":"","ast-hfb-above-header-display":"","ast-hfb-below-header-display":"","ast-hfb-mobile-header-display":"","site-post-title":"","ast-breadcrumbs-content":"","ast-featured-img":"","footer-sml-layout":"","ast-disable-related-posts":"","theme-transparent-header-meta":"","adv-header-id-meta":"","stick-header-meta":"","header-above-stick-meta":"","header-main-stick-meta":"","header-below-stick-meta":"","astra-migrate-meta-layouts":"default","ast-page-background-enabled":"default","ast-page-background-meta":{"desktop":{"background-color":"var(--ast-global-color-4)","background-image":"","background-repeat":"repeat","background-position":"center center","background-size":"auto","background-attachment":"scroll","background-type":"","background-media":"","overlay-type":"","overlay-color":"","overlay-opacity":"","overlay-gradient":""},"tablet":{"background-color":"","background-image":"","background-repeat":"repeat","background-position":"center center","background-size":"auto","background-attachment":"scroll","background-type":"","background-media":"","overlay-type":"","overlay-color":"","overlay-opacity":"","overlay-gradient":""},"mobile":{"background-color":"","background-image":"","background-repeat":"repeat","background-position":"center center","background-size":"auto","background-attachment":"scroll","background-type":"","background-media":"","overlay-type":"","overlay-color":"","overlay-opacity":"","overlay-gradient":""}},"ast-content-background-meta":{"desktop":{"background-color":"var(--ast-global-color-5)","background-image":"","background-repeat":"repeat","background-position":"center center","background-size":"auto","background-attachment":"scroll","background-type":"","background-media":"","overlay-type":"","overlay-color":"","overlay-opacity":"","overlay-gradient":""},"tablet":{"background-color":"var(--ast-global-color-5)","background-image":"","background-repeat":"repeat","background-position":"center center","background-size":"auto","background-attachment":"scroll","background-type":"","background-media":"","overlay-type":"","overlay-color":"","overlay-opacity":"","overlay-gradient":""},"mobile":{"background-color":"var(--ast-global-color-5)","background-image":"","background-repeat":"repeat","background-position":"center center","background-size":"auto","background-attachment":"scroll","background-type":"","background-media":"","overlay-type":"","overlay-color":"","overlay-opacity":"","overlay-gradient":""}},"footnotes":""},"categories":[1],"tags":[],"class_list":["post-3703","post","type-post","status-publish","format-standard","hentry","category-allgemein"],"yoast_head":"<!-- This site is optimized with the Yoast SEO plugin v27.5 - https:\/\/yoast.com\/product\/yoast-seo-wordpress\/ -->\n<title>Einladung zum Adventsgottesdienst am Freitag, den 19.12. um 12 Uhr - Heinrich-von-Kleist-Gymnasium<\/title>\n<meta name=\"robots\" content=\"index, follow, max-snippet:-1, max-image-preview:large, max-video-preview:-1\" \/>\n<link rel=\"canonical\" href=\"https:\/\/www.hvk-bo.de\/hvk_neu\/einladung-zum-adventsgottesdienst-am-freitag-den-19-12-um-12-uhr\/\" \/>\n<meta property=\"og:locale\" content=\"de_DE\" \/>\n<meta property=\"og:type\" content=\"article\" \/>\n<meta property=\"og:title\" content=\"Einladung zum Adventsgottesdienst am Freitag, den 19.12. um 12 Uhr - Heinrich-von-Kleist-Gymnasium\" \/>\n<meta property=\"og:description\" content=\"Zum Abschluss des Kalenderjahres laden wir zu unserem traditionellen Advents- und Friedenslichtgottesdienst am Freitag, den 19.12.2025 ab 12 Uhr in [&hellip;]\" \/>\n<meta property=\"og:url\" content=\"https:\/\/www.hvk-bo.de\/hvk_neu\/einladung-zum-adventsgottesdienst-am-freitag-den-19-12-um-12-uhr\/\" \/>\n<meta property=\"og:site_name\" content=\"Heinrich-von-Kleist-Gymnasium\" \/>\n<meta property=\"article:published_time\" content=\"2025-12-08T13:56:29+00:00\" \/>\n<meta property=\"article:modified_time\" content=\"2025-12-19T12:52:49+00:00\" \/>\n<meta name=\"author\" content=\"Michael Bra\u00df\" \/>\n<meta name=\"twitter:card\" content=\"summary_large_image\" \/>\n<meta name=\"twitter:label1\" content=\"Verfasst von\" \/>\n\t<meta name=\"twitter:data1\" content=\"Michael Bra\u00df\" \/>\n\t<meta name=\"twitter:label2\" content=\"Gesch\u00e4tzte Lesezeit\" \/>\n\t<meta name=\"twitter:data2\" content=\"1\u00a0Minute\" \/>\n<script type=\"application\/ld+json\" class=\"yoast-schema-graph\">{\"@context\":\"https:\\\/\\\/schema.org\",\"@graph\":[{\"@type\":\"Article\",\"@id\":\"https:\\\/\\\/www.hvk-bo.de\\\/hvk_neu\\\/einladung-zum-adventsgottesdienst-am-freitag-den-19-12-um-12-uhr\\\/#article\",\"isPartOf\":{\"@id\":\"https:\\\/\\\/www.hvk-bo.de\\\/hvk_neu\\\/einladung-zum-adventsgottesdienst-am-freitag-den-19-12-um-12-uhr\\\/\"},\"author\":{\"name\":\"Michael Bra\u00df\",\"@id\":\"https:\\\/\\\/www.hvk-bo.de\\\/hvk_neu\\\/#\\\/schema\\\/person\\\/794a75d9b26b9307332ae4520c485be1\"},\"headline\":\"Einladung zum Adventsgottesdienst am Freitag, den 19.12. um 12 Uhr\",\"datePublished\":\"2025-12-08T13:56:29+00:00\",\"dateModified\":\"2025-12-19T12:52:49+00:00\",\"mainEntityOfPage\":{\"@id\":\"https:\\\/\\\/www.hvk-bo.de\\\/hvk_neu\\\/einladung-zum-adventsgottesdienst-am-freitag-den-19-12-um-12-uhr\\\/\"},\"wordCount\":106,\"publisher\":{\"@id\":\"https:\\\/\\\/www.hvk-bo.de\\\/hvk_neu\\\/#organization\"},\"inLanguage\":\"de\"},{\"@type\":\"WebPage\",\"@id\":\"https:\\\/\\\/www.hvk-bo.de\\\/hvk_neu\\\/einladung-zum-adventsgottesdienst-am-freitag-den-19-12-um-12-uhr\\\/\",\"url\":\"https:\\\/\\\/www.hvk-bo.de\\\/hvk_neu\\\/einladung-zum-adventsgottesdienst-am-freitag-den-19-12-um-12-uhr\\\/\",\"name\":\"Einladung zum Adventsgottesdienst am Freitag, den 19.12. um 12 Uhr - Heinrich-von-Kleist-Gymnasium\",\"isPartOf\":{\"@id\":\"https:\\\/\\\/www.hvk-bo.de\\\/hvk_neu\\\/#website\"},\"datePublished\":\"2025-12-08T13:56:29+00:00\",\"dateModified\":\"2025-12-19T12:52:49+00:00\",\"breadcrumb\":{\"@id\":\"https:\\\/\\\/www.hvk-bo.de\\\/hvk_neu\\\/einladung-zum-adventsgottesdienst-am-freitag-den-19-12-um-12-uhr\\\/#breadcrumb\"},\"inLanguage\":\"de\",\"potentialAction\":[{\"@type\":\"ReadAction\",\"target\":[\"https:\\\/\\\/www.hvk-bo.de\\\/hvk_neu\\\/einladung-zum-adventsgottesdienst-am-freitag-den-19-12-um-12-uhr\\\/\"]}]},{\"@type\":\"BreadcrumbList\",\"@id\":\"https:\\\/\\\/www.hvk-bo.de\\\/hvk_neu\\\/einladung-zum-adventsgottesdienst-am-freitag-den-19-12-um-12-uhr\\\/#breadcrumb\",\"itemListElement\":[{\"@type\":\"ListItem\",\"position\":1,\"name\":\"Startseite\",\"item\":\"https:\\\/\\\/www.hvk-bo.de\\\/hvk_neu\\\/\"},{\"@type\":\"ListItem\",\"position\":2,\"name\":\"Einladung zum Adventsgottesdienst am Freitag, den 19.12. um 12 Uhr\"}]},{\"@type\":\"WebSite\",\"@id\":\"https:\\\/\\\/www.hvk-bo.de\\\/hvk_neu\\\/#website\",\"url\":\"https:\\\/\\\/www.hvk-bo.de\\\/hvk_neu\\\/\",\"name\":\"Heinrich-von-Kleist-Gymnasium\",\"description\":\"Ganztagsgymnasium\",\"publisher\":{\"@id\":\"https:\\\/\\\/www.hvk-bo.de\\\/hvk_neu\\\/#organization\"},\"alternateName\":\"HvK Bochum\",\"potentialAction\":[{\"@type\":\"SearchAction\",\"target\":{\"@type\":\"EntryPoint\",\"urlTemplate\":\"https:\\\/\\\/www.hvk-bo.de\\\/hvk_neu\\\/?s={search_term_string}\"},\"query-input\":{\"@type\":\"PropertyValueSpecification\",\"valueRequired\":true,\"valueName\":\"search_term_string\"}}],\"inLanguage\":\"de\"},{\"@type\":\"Organization\",\"@id\":\"https:\\\/\\\/www.hvk-bo.de\\\/hvk_neu\\\/#organization\",\"name\":\"Heinrich-von-Kleist-Gymnasium\",\"alternateName\":\"HvK Bochum\",\"url\":\"https:\\\/\\\/www.hvk-bo.de\\\/hvk_neu\\\/\",\"logo\":{\"@type\":\"ImageObject\",\"inLanguage\":\"de\",\"@id\":\"https:\\\/\\\/www.hvk-bo.de\\\/hvk_neu\\\/#\\\/schema\\\/logo\\\/image\\\/\",\"url\":\"https:\\\/\\\/www.hvk-bo.de\\\/hvk_neu\\\/wp-content\\\/uploads\\\/2024\\\/06\\\/HvK_Logo_klein.png\",\"contentUrl\":\"https:\\\/\\\/www.hvk-bo.de\\\/hvk_neu\\\/wp-content\\\/uploads\\\/2024\\\/06\\\/HvK_Logo_klein.png\",\"width\":512,\"height\":512,\"caption\":\"Heinrich-von-Kleist-Gymnasium\"},\"image\":{\"@id\":\"https:\\\/\\\/www.hvk-bo.de\\\/hvk_neu\\\/#\\\/schema\\\/logo\\\/image\\\/\"}},{\"@type\":\"Person\",\"@id\":\"https:\\\/\\\/www.hvk-bo.de\\\/hvk_neu\\\/#\\\/schema\\\/person\\\/794a75d9b26b9307332ae4520c485be1\",\"name\":\"Michael Bra\u00df\",\"image\":{\"@type\":\"ImageObject\",\"inLanguage\":\"de\",\"@id\":\"https:\\\/\\\/secure.gravatar.com\\\/avatar\\\/4d4f3173b0525d68b6dd40a3b8a251b7175e4562a8b9dca3165604270abc96ec?s=96&d=mm&r=g\",\"url\":\"https:\\\/\\\/secure.gravatar.com\\\/avatar\\\/4d4f3173b0525d68b6dd40a3b8a251b7175e4562a8b9dca3165604270abc96ec?s=96&d=mm&r=g\",\"contentUrl\":\"https:\\\/\\\/secure.gravatar.com\\\/avatar\\\/4d4f3173b0525d68b6dd40a3b8a251b7175e4562a8b9dca3165604270abc96ec?s=96&d=mm&r=g\",\"caption\":\"Michael Bra\u00df\"},\"url\":\"https:\\\/\\\/www.hvk-bo.de\\\/hvk_neu\\\/author\\\/m_brass\\\/\"}]}<\/script>\n<!-- \/ Yoast SEO plugin. -->","yoast_head_json":{"title":"Einladung zum Adventsgottesdienst am Freitag, den 19.12. um 12 Uhr - Heinrich-von-Kleist-Gymnasium","robots":{"index":"index","follow":"follow","max-snippet":"max-snippet:-1","max-image-preview":"max-image-preview:large","max-video-preview":"max-video-preview:-1"},"canonical":"https:\/\/www.hvk-bo.de\/hvk_neu\/einladung-zum-adventsgottesdienst-am-freitag-den-19-12-um-12-uhr\/","og_locale":"de_DE","og_type":"article","og_title":"Einladung zum Adventsgottesdienst am Freitag, den 19.12. um 12 Uhr - Heinrich-von-Kleist-Gymnasium","og_description":"Zum Abschluss des Kalenderjahres laden wir zu unserem traditionellen Advents- und Friedenslichtgottesdienst am Freitag, den 19.12.2025 ab 12 Uhr in [&hellip;]","og_url":"https:\/\/www.hvk-bo.de\/hvk_neu\/einladung-zum-adventsgottesdienst-am-freitag-den-19-12-um-12-uhr\/","og_site_name":"Heinrich-von-Kleist-Gymnasium","article_published_time":"2025-12-08T13:56:29+00:00","article_modified_time":"2025-12-19T12:52:49+00:00","author":"Michael Bra\u00df","twitter_card":"summary_large_image","twitter_misc":{"Verfasst von":"Michael Bra\u00df","Gesch\u00e4tzte Lesezeit":"1\u00a0Minute"},"schema":{"@context":"https:\/\/schema.org","@graph":[{"@type":"Article","@id":"https:\/\/www.hvk-bo.de\/hvk_neu\/einladung-zum-adventsgottesdienst-am-freitag-den-19-12-um-12-uhr\/#article","isPartOf":{"@id":"https:\/\/www.hvk-bo.de\/hvk_neu\/einladung-zum-adventsgottesdienst-am-freitag-den-19-12-um-12-uhr\/"},"author":{"name":"Michael Bra\u00df","@id":"https:\/\/www.hvk-bo.de\/hvk_neu\/#\/schema\/person\/794a75d9b26b9307332ae4520c485be1"},"headline":"Einladung zum Adventsgottesdienst am Freitag, den 19.12. um 12 Uhr","datePublished":"2025-12-08T13:56:29+00:00","dateModified":"2025-12-19T12:52:49+00:00","mainEntityOfPage":{"@id":"https:\/\/www.hvk-bo.de\/hvk_neu\/einladung-zum-adventsgottesdienst-am-freitag-den-19-12-um-12-uhr\/"},"wordCount":106,"publisher":{"@id":"https:\/\/www.hvk-bo.de\/hvk_neu\/#organization"},"inLanguage":"de"},{"@type":"WebPage","@id":"https:\/\/www.hvk-bo.de\/hvk_neu\/einladung-zum-adventsgottesdienst-am-freitag-den-19-12-um-12-uhr\/","url":"https:\/\/www.hvk-bo.de\/hvk_neu\/einladung-zum-adventsgottesdienst-am-freitag-den-19-12-um-12-uhr\/","name":"Einladung zum Adventsgottesdienst am Freitag, den 19.12. um 12 Uhr - Heinrich-von-Kleist-Gymnasium","isPartOf":{"@id":"https:\/\/www.hvk-bo.de\/hvk_neu\/#website"},"datePublished":"2025-12-08T13:56:29+00:00","dateModified":"2025-12-19T12:52:49+00:00","breadcrumb":{"@id":"https:\/\/www.hvk-bo.de\/hvk_neu\/einladung-zum-adventsgottesdienst-am-freitag-den-19-12-um-12-uhr\/#breadcrumb"},"inLanguage":"de","potentialAction":[{"@type":"ReadAction","target":["https:\/\/www.hvk-bo.de\/hvk_neu\/einladung-zum-adventsgottesdienst-am-freitag-den-19-12-um-12-uhr\/"]}]},{"@type":"BreadcrumbList","@id":"https:\/\/www.hvk-bo.de\/hvk_neu\/einladung-zum-adventsgottesdienst-am-freitag-den-19-12-um-12-uhr\/#breadcrumb","itemListElement":[{"@type":"ListItem","position":1,"name":"Startseite","item":"https:\/\/www.hvk-bo.de\/hvk_neu\/"},{"@type":"ListItem","position":2,"name":"Einladung zum Adventsgottesdienst am Freitag, den 19.12. um 12 Uhr"}]},{"@type":"WebSite","@id":"https:\/\/www.hvk-bo.de\/hvk_neu\/#website","url":"https:\/\/www.hvk-bo.de\/hvk_neu\/","name":"Heinrich-von-Kleist-Gymnasium","description":"Ganztagsgymnasium","publisher":{"@id":"https:\/\/www.hvk-bo.de\/hvk_neu\/#organization"},"alternateName":"HvK Bochum","potentialAction":[{"@type":"SearchAction","target":{"@type":"EntryPoint","urlTemplate":"https:\/\/www.hvk-bo.de\/hvk_neu\/?s={search_term_string}"},"query-input":{"@type":"PropertyValueSpecification","valueRequired":true,"valueName":"search_term_string"}}],"inLanguage":"de"},{"@type":"Organization","@id":"https:\/\/www.hvk-bo.de\/hvk_neu\/#organization","name":"Heinrich-von-Kleist-Gymnasium","alternateName":"HvK Bochum","url":"https:\/\/www.hvk-bo.de\/hvk_neu\/","logo":{"@type":"ImageObject","inLanguage":"de","@id":"https:\/\/www.hvk-bo.de\/hvk_neu\/#\/schema\/logo\/image\/","url":"https:\/\/www.hvk-bo.de\/hvk_neu\/wp-content\/uploads\/2024\/06\/HvK_Logo_klein.png","contentUrl":"https:\/\/www.hvk-bo.de\/hvk_neu\/wp-content\/uploads\/2024\/06\/HvK_Logo_klein.png","width":512,"height":512,"caption":"Heinrich-von-Kleist-Gymnasium"},"image":{"@id":"https:\/\/www.hvk-bo.de\/hvk_neu\/#\/schema\/logo\/image\/"}},{"@type":"Person","@id":"https:\/\/www.hvk-bo.de\/hvk_neu\/#\/schema\/person\/794a75d9b26b9307332ae4520c485be1","name":"Michael Bra\u00df","image":{"@type":"ImageObject","inLanguage":"de","@id":"https:\/\/secure.gravatar.com\/avatar\/4d4f3173b0525d68b6dd40a3b8a251b7175e4562a8b9dca3165604270abc96ec?s=96&d=mm&r=g","url":"https:\/\/secure.gravatar.com\/avatar\/4d4f3173b0525d68b6dd40a3b8a251b7175e4562a8b9dca3165604270abc96ec?s=96&d=mm&r=g","contentUrl":"https:\/\/secure.gravatar.com\/avatar\/4d4f3173b0525d68b6dd40a3b8a251b7175e4562a8b9dca3165604270abc96ec?s=96&d=mm&r=g","caption":"Michael Bra\u00df"},"url":"https:\/\/www.hvk-bo.de\/hvk_neu\/author\/m_brass\/"}]}},"uagb_featured_image_src":{"full":false,"thumbnail":false,"medium":false,"medium_large":false,"large":false,"1536x1536":false,"2048x2048":false},"uagb_author_info":{"display_name":"Michael Bra\u00df","author_link":"https:\/\/www.hvk-bo.de\/hvk_neu\/author\/m_brass\/"},"uagb_comment_info":0,"uagb_excerpt":"Zum Abschluss des Kalenderjahres laden wir zu unserem traditionellen Advents- und Friedenslichtgottesdienst am Freitag, den 19.12.2025 ab 12 Uhr in [&hellip;]","_links":{"self":[{"href":"https:\/\/www.hvk-bo.de\/hvk_neu\/wp-json\/wp\/v2\/posts\/3703","targetHints":{"allow":["GET"]}}],"collection":[{"href":"https:\/\/www.hvk-bo.de\/hvk_neu\/wp-json\/wp\/v2\/posts"}],"about":[{"href":"https:\/\/www.hvk-bo.de\/hvk_neu\/wp-json\/wp\/v2\/types\/post"}],"author":[{"embeddable":true,"href":"https:\/\/www.hvk-bo.de\/hvk_neu\/wp-json\/wp\/v2\/users\/4"}],"replies":[{"embeddable":true,"href":"https:\/\/www.hvk-bo.de\/hvk_neu\/wp-json\/wp\/v2\/comments?post=3703"}],"version-history":[{"count":1,"href":"https:\/\/www.hvk-bo.de\/hvk_neu\/wp-json\/wp\/v2\/posts\/3703\/revisions"}],"predecessor-version":[{"id":3704,"href":"https:\/\/www.hvk-bo.de\/hvk_neu\/wp-json\/wp\/v2\/posts\/3703\/revisions\/3704"}],"wp:attachment":[{"href":"https:\/\/www.hvk-bo.de\/hvk_neu\/wp-json\/wp\/v2\/media?parent=3703"}],"wp:term":[{"taxonomy":"category","embeddable":true,"href":"https:\/\/www.hvk-bo.de\/hvk_neu\/wp-json\/wp\/v2\/categories?post=3703"},{"taxonomy":"post_tag","embeddable":true,"href":"https:\/\/www.hvk-bo.de\/hvk_neu\/wp-json\/wp\/v2\/tags?post=3703"}],"curies":[{"name":"wp","href":"https:\/\/api.w.org\/{rel}","templated":true}]}}