{"id":4181,"date":"2026-04-27T16:34:21","date_gmt":"2026-04-27T14:34:21","guid":{"rendered":"https:\/\/www.hvk-bo.de\/hvk_neu\/?p=4181"},"modified":"2026-04-27T17:17:04","modified_gmt":"2026-04-27T15:17:04","slug":"sparda-spendenwahl-fuer-unser-100jaehriges-jubilaeum","status":"publish","type":"post","link":"https:\/\/www.hvk-bo.de\/hvk_neu\/sparda-spendenwahl-fuer-unser-100jaehriges-jubilaeum\/","title":{"rendered":"Sparda-Spendenwahl f\u00fcr unser 100j\u00e4hriges Jubil\u00e4um"},"content":{"rendered":"<div data-spectra-id=\"spectra-mohajqr5-gg8052\"\tstyle=\"overflow: visible;\" class=\"spectra-is-root-container alignfull spectra-overlay-color spectra-overflow wp-block-spectra-container\" data-orientation=\"vertical\"\t>\n\t\n<div data-spectra-id=\"spectra-mohajyfo-cqeolm\" style=\"overflow: visible\" class=\"spectra-overlay-color spectra-overflow wp-block-spectra-container\" data-orientation=\"vertical\">\n\t\n\n<figure class=\"wp-block-gallery has-nested-images columns-default is-cropped wp-block-gallery-1 is-layout-flex wp-block-gallery-is-layout-flex\">\n<figure data-spectra-id=\"spectra-mohakf7q-jihdc4\" class=\"wp-block-image size-large\"><img loading=\"lazy\" decoding=\"async\" width=\"724\" height=\"1024\" data-id=\"4182\" src=\"https:\/\/www.hvk-bo.de\/hvk_neu\/wp-content\/uploads\/2026\/04\/Wir-sind-dabei-724x1024.jpg\" alt=\"\" class=\"wp-image-4182\" srcset=\"https:\/\/www.hvk-bo.de\/hvk_neu\/wp-content\/uploads\/2026\/04\/Wir-sind-dabei-724x1024.jpg 724w, https:\/\/www.hvk-bo.de\/hvk_neu\/wp-content\/uploads\/2026\/04\/Wir-sind-dabei-212x300.jpg 212w, https:\/\/www.hvk-bo.de\/hvk_neu\/wp-content\/uploads\/2026\/04\/Wir-sind-dabei-768x1086.jpg 768w, https:\/\/www.hvk-bo.de\/hvk_neu\/wp-content\/uploads\/2026\/04\/Wir-sind-dabei-1086x1536.jpg 1086w, https:\/\/www.hvk-bo.de\/hvk_neu\/wp-content\/uploads\/2026\/04\/Wir-sind-dabei.jpg 1414w\" sizes=\"auto, (max-width: 724px) 100vw, 724px\" \/><\/figure>\n<\/figure>\n\n<\/div>\n\n\n<div data-spectra-id=\"spectra-mohajyft-di19mr\" style=\"overflow: visible\" class=\"spectra-overlay-color spectra-overflow wp-block-spectra-container\" data-orientation=\"vertical\">\n\t\n\n<p>Am 10. Juli 2027 feiern wir ein gro\u00dfes Schulfest zum 100j\u00e4hrigen Jubil\u00e4um. Unter anderem soll zus\u00e4tzlich zu den beiden Innenb\u00fchnen im neuen Schulzentrum Nord eine gro\u00dfe Au\u00dfenb\u00fchne aufgebaut werden, auf der ein ansprechendes Programm f\u00fcr alle Besuchenden geboten werden wird. <br><br>Merken Sie sich den Termin jetzt schon einmal vor: Samstag, der 10. Juli 2027.<br><br>Unterst\u00fctzen Sie uns mit Ihrer Stimme bei der Sparda-Spendenwahl.<br><br>Hier der direkte Link zur Stimmabgabe, bitte in allen Gruppen, WhatsApp-Stati etc. teilen, DANKE.<br><br><a href=\"https:\/\/spardaspendenwahl.de\/projekte\/69c68e79dce5feae7c0bde5b\" target=\"_blank\" rel=\"noreferrer noopener\">HvK bei der Sparda-Spendenwahl<\/a><\/p>\n\n\n\n<p><br><br>Der Norden steht und feiert zusammen, <br><br>Gl\u00fcck auf!<br><br>Michael Bra\u00df<\/p>\n\n<\/div>\n\n<\/div>\n","protected":false},"excerpt":{"rendered":"","protected":false},"author":4,"featured_media":4184,"comment_status":"closed","ping_status":"closed","sticky":false,"template":"","format":"standard","meta":{"_uag_custom_page_level_css":"","site-sidebar-layout":"default","site-content-layout":"","ast-site-content-layout":"default","site-content-style":"default","site-sidebar-style":"default","ast-global-header-display":"","ast-banner-title-visibility":"","ast-main-header-display":"","ast-hfb-above-header-display":"","ast-hfb-below-header-display":"","ast-hfb-mobile-header-display":"","site-post-title":"","ast-breadcrumbs-content":"","ast-featured-img":"","footer-sml-layout":"","ast-disable-related-posts":"","theme-transparent-header-meta":"","adv-header-id-meta":"","stick-header-meta":"","header-above-stick-meta":"","header-main-stick-meta":"","header-below-stick-meta":"","astra-migrate-meta-layouts":"default","ast-page-background-enabled":"default","ast-page-background-meta":{"desktop":{"background-color":"var(--ast-global-color-4)","background-image":"","background-repeat":"repeat","background-position":"center center","background-size":"auto","background-attachment":"scroll","background-type":"","background-media":"","overlay-type":"","overlay-color":"","overlay-opacity":"","overlay-gradient":""},"tablet":{"background-color":"","background-image":"","background-repeat":"repeat","background-position":"center center","background-size":"auto","background-attachment":"scroll","background-type":"","background-media":"","overlay-type":"","overlay-color":"","overlay-opacity":"","overlay-gradient":""},"mobile":{"background-color":"","background-image":"","background-repeat":"repeat","background-position":"center center","background-size":"auto","background-attachment":"scroll","background-type":"","background-media":"","overlay-type":"","overlay-color":"","overlay-opacity":"","overlay-gradient":""}},"ast-content-background-meta":{"desktop":{"background-color":"var(--ast-global-color-5)","background-image":"","background-repeat":"repeat","background-position":"center center","background-size":"auto","background-attachment":"scroll","background-type":"","background-media":"","overlay-type":"","overlay-color":"","overlay-opacity":"","overlay-gradient":""},"tablet":{"background-color":"var(--ast-global-color-5)","background-image":"","background-repeat":"repeat","background-position":"center center","background-size":"auto","background-attachment":"scroll","background-type":"","background-media":"","overlay-type":"","overlay-color":"","overlay-opacity":"","overlay-gradient":""},"mobile":{"background-color":"var(--ast-global-color-5)","background-image":"","background-repeat":"repeat","background-position":"center center","background-size":"auto","background-attachment":"scroll","background-type":"","background-media":"","overlay-type":"","overlay-color":"","overlay-opacity":"","overlay-gradient":""}},"footnotes":""},"categories":[9],"tags":[],"class_list":["post-4181","post","type-post","status-publish","format-standard","has-post-thumbnail","hentry","category-topnews"],"yoast_head":"<!-- This site is optimized with the Yoast SEO plugin v27.5 - https:\/\/yoast.com\/product\/yoast-seo-wordpress\/ -->\n<title>Sparda-Spendenwahl f\u00fcr unser 100j\u00e4hriges Jubil\u00e4um - Heinrich-von-Kleist-Gymnasium<\/title>\n<meta name=\"robots\" content=\"index, follow, max-snippet:-1, max-image-preview:large, max-video-preview:-1\" \/>\n<link rel=\"canonical\" href=\"https:\/\/www.hvk-bo.de\/hvk_neu\/sparda-spendenwahl-fuer-unser-100jaehriges-jubilaeum\/\" \/>\n<meta property=\"og:locale\" content=\"de_DE\" \/>\n<meta property=\"og:type\" content=\"article\" \/>\n<meta property=\"og:title\" content=\"Sparda-Spendenwahl f\u00fcr unser 100j\u00e4hriges Jubil\u00e4um - Heinrich-von-Kleist-Gymnasium\" \/>\n<meta property=\"og:url\" content=\"https:\/\/www.hvk-bo.de\/hvk_neu\/sparda-spendenwahl-fuer-unser-100jaehriges-jubilaeum\/\" \/>\n<meta property=\"og:site_name\" content=\"Heinrich-von-Kleist-Gymnasium\" \/>\n<meta property=\"article:published_time\" content=\"2026-04-27T14:34:21+00:00\" \/>\n<meta property=\"article:modified_time\" content=\"2026-04-27T15:17:04+00:00\" \/>\n<meta property=\"og:image\" content=\"https:\/\/www.hvk-bo.de\/hvk_neu\/wp-content\/uploads\/2026\/04\/Wir-sind-dabei_Teaser.jpg\" \/>\n\t<meta property=\"og:image:width\" content=\"540\" \/>\n\t<meta property=\"og:image:height\" content=\"360\" \/>\n\t<meta property=\"og:image:type\" content=\"image\/jpeg\" \/>\n<meta name=\"author\" content=\"Michael Bra\u00df\" \/>\n<meta name=\"twitter:card\" content=\"summary_large_image\" \/>\n<meta name=\"twitter:label1\" content=\"Verfasst von\" \/>\n\t<meta name=\"twitter:data1\" content=\"Michael Bra\u00df\" \/>\n\t<meta name=\"twitter:label2\" content=\"Gesch\u00e4tzte Lesezeit\" \/>\n\t<meta name=\"twitter:data2\" content=\"1\u00a0Minute\" \/>\n<script type=\"application\/ld+json\" class=\"yoast-schema-graph\">{\"@context\":\"https:\\\/\\\/schema.org\",\"@graph\":[{\"@type\":\"Article\",\"@id\":\"https:\\\/\\\/www.hvk-bo.de\\\/hvk_neu\\\/sparda-spendenwahl-fuer-unser-100jaehriges-jubilaeum\\\/#article\",\"isPartOf\":{\"@id\":\"https:\\\/\\\/www.hvk-bo.de\\\/hvk_neu\\\/sparda-spendenwahl-fuer-unser-100jaehriges-jubilaeum\\\/\"},\"author\":{\"name\":\"Michael Bra\u00df\",\"@id\":\"https:\\\/\\\/www.hvk-bo.de\\\/hvk_neu\\\/#\\\/schema\\\/person\\\/794a75d9b26b9307332ae4520c485be1\"},\"headline\":\"Sparda-Spendenwahl f\u00fcr unser 100j\u00e4hriges Jubil\u00e4um\",\"datePublished\":\"2026-04-27T14:34:21+00:00\",\"dateModified\":\"2026-04-27T15:17:04+00:00\",\"mainEntityOfPage\":{\"@id\":\"https:\\\/\\\/www.hvk-bo.de\\\/hvk_neu\\\/sparda-spendenwahl-fuer-unser-100jaehriges-jubilaeum\\\/\"},\"wordCount\":106,\"publisher\":{\"@id\":\"https:\\\/\\\/www.hvk-bo.de\\\/hvk_neu\\\/#organization\"},\"image\":{\"@id\":\"https:\\\/\\\/www.hvk-bo.de\\\/hvk_neu\\\/sparda-spendenwahl-fuer-unser-100jaehriges-jubilaeum\\\/#primaryimage\"},\"thumbnailUrl\":\"https:\\\/\\\/www.hvk-bo.de\\\/hvk_neu\\\/wp-content\\\/uploads\\\/2026\\\/04\\\/Wir-sind-dabei_Teaser.jpg\",\"articleSection\":[\"Top News\"],\"inLanguage\":\"de\"},{\"@type\":\"WebPage\",\"@id\":\"https:\\\/\\\/www.hvk-bo.de\\\/hvk_neu\\\/sparda-spendenwahl-fuer-unser-100jaehriges-jubilaeum\\\/\",\"url\":\"https:\\\/\\\/www.hvk-bo.de\\\/hvk_neu\\\/sparda-spendenwahl-fuer-unser-100jaehriges-jubilaeum\\\/\",\"name\":\"Sparda-Spendenwahl f\u00fcr unser 100j\u00e4hriges Jubil\u00e4um - Heinrich-von-Kleist-Gymnasium\",\"isPartOf\":{\"@id\":\"https:\\\/\\\/www.hvk-bo.de\\\/hvk_neu\\\/#website\"},\"primaryImageOfPage\":{\"@id\":\"https:\\\/\\\/www.hvk-bo.de\\\/hvk_neu\\\/sparda-spendenwahl-fuer-unser-100jaehriges-jubilaeum\\\/#primaryimage\"},\"image\":{\"@id\":\"https:\\\/\\\/www.hvk-bo.de\\\/hvk_neu\\\/sparda-spendenwahl-fuer-unser-100jaehriges-jubilaeum\\\/#primaryimage\"},\"thumbnailUrl\":\"https:\\\/\\\/www.hvk-bo.de\\\/hvk_neu\\\/wp-content\\\/uploads\\\/2026\\\/04\\\/Wir-sind-dabei_Teaser.jpg\",\"datePublished\":\"2026-04-27T14:34:21+00:00\",\"dateModified\":\"2026-04-27T15:17:04+00:00\",\"breadcrumb\":{\"@id\":\"https:\\\/\\\/www.hvk-bo.de\\\/hvk_neu\\\/sparda-spendenwahl-fuer-unser-100jaehriges-jubilaeum\\\/#breadcrumb\"},\"inLanguage\":\"de\",\"potentialAction\":[{\"@type\":\"ReadAction\",\"target\":[\"https:\\\/\\\/www.hvk-bo.de\\\/hvk_neu\\\/sparda-spendenwahl-fuer-unser-100jaehriges-jubilaeum\\\/\"]}]},{\"@type\":\"ImageObject\",\"inLanguage\":\"de\",\"@id\":\"https:\\\/\\\/www.hvk-bo.de\\\/hvk_neu\\\/sparda-spendenwahl-fuer-unser-100jaehriges-jubilaeum\\\/#primaryimage\",\"url\":\"https:\\\/\\\/www.hvk-bo.de\\\/hvk_neu\\\/wp-content\\\/uploads\\\/2026\\\/04\\\/Wir-sind-dabei_Teaser.jpg\",\"contentUrl\":\"https:\\\/\\\/www.hvk-bo.de\\\/hvk_neu\\\/wp-content\\\/uploads\\\/2026\\\/04\\\/Wir-sind-dabei_Teaser.jpg\",\"width\":540,\"height\":360},{\"@type\":\"BreadcrumbList\",\"@id\":\"https:\\\/\\\/www.hvk-bo.de\\\/hvk_neu\\\/sparda-spendenwahl-fuer-unser-100jaehriges-jubilaeum\\\/#breadcrumb\",\"itemListElement\":[{\"@type\":\"ListItem\",\"position\":1,\"name\":\"Startseite\",\"item\":\"https:\\\/\\\/www.hvk-bo.de\\\/hvk_neu\\\/\"},{\"@type\":\"ListItem\",\"position\":2,\"name\":\"Sparda-Spendenwahl f\u00fcr unser 100j\u00e4hriges Jubil\u00e4um\"}]},{\"@type\":\"WebSite\",\"@id\":\"https:\\\/\\\/www.hvk-bo.de\\\/hvk_neu\\\/#website\",\"url\":\"https:\\\/\\\/www.hvk-bo.de\\\/hvk_neu\\\/\",\"name\":\"Heinrich-von-Kleist-Gymnasium\",\"description\":\"Ganztagsgymnasium\",\"publisher\":{\"@id\":\"https:\\\/\\\/www.hvk-bo.de\\\/hvk_neu\\\/#organization\"},\"alternateName\":\"HvK Bochum\",\"potentialAction\":[{\"@type\":\"SearchAction\",\"target\":{\"@type\":\"EntryPoint\",\"urlTemplate\":\"https:\\\/\\\/www.hvk-bo.de\\\/hvk_neu\\\/?s={search_term_string}\"},\"query-input\":{\"@type\":\"PropertyValueSpecification\",\"valueRequired\":true,\"valueName\":\"search_term_string\"}}],\"inLanguage\":\"de\"},{\"@type\":\"Organization\",\"@id\":\"https:\\\/\\\/www.hvk-bo.de\\\/hvk_neu\\\/#organization\",\"name\":\"Heinrich-von-Kleist-Gymnasium\",\"alternateName\":\"HvK Bochum\",\"url\":\"https:\\\/\\\/www.hvk-bo.de\\\/hvk_neu\\\/\",\"logo\":{\"@type\":\"ImageObject\",\"inLanguage\":\"de\",\"@id\":\"https:\\\/\\\/www.hvk-bo.de\\\/hvk_neu\\\/#\\\/schema\\\/logo\\\/image\\\/\",\"url\":\"https:\\\/\\\/www.hvk-bo.de\\\/hvk_neu\\\/wp-content\\\/uploads\\\/2024\\\/06\\\/HvK_Logo_klein.png\",\"contentUrl\":\"https:\\\/\\\/www.hvk-bo.de\\\/hvk_neu\\\/wp-content\\\/uploads\\\/2024\\\/06\\\/HvK_Logo_klein.png\",\"width\":512,\"height\":512,\"caption\":\"Heinrich-von-Kleist-Gymnasium\"},\"image\":{\"@id\":\"https:\\\/\\\/www.hvk-bo.de\\\/hvk_neu\\\/#\\\/schema\\\/logo\\\/image\\\/\"}},{\"@type\":\"Person\",\"@id\":\"https:\\\/\\\/www.hvk-bo.de\\\/hvk_neu\\\/#\\\/schema\\\/person\\\/794a75d9b26b9307332ae4520c485be1\",\"name\":\"Michael Bra\u00df\",\"image\":{\"@type\":\"ImageObject\",\"inLanguage\":\"de\",\"@id\":\"https:\\\/\\\/secure.gravatar.com\\\/avatar\\\/4d4f3173b0525d68b6dd40a3b8a251b7175e4562a8b9dca3165604270abc96ec?s=96&d=mm&r=g\",\"url\":\"https:\\\/\\\/secure.gravatar.com\\\/avatar\\\/4d4f3173b0525d68b6dd40a3b8a251b7175e4562a8b9dca3165604270abc96ec?s=96&d=mm&r=g\",\"contentUrl\":\"https:\\\/\\\/secure.gravatar.com\\\/avatar\\\/4d4f3173b0525d68b6dd40a3b8a251b7175e4562a8b9dca3165604270abc96ec?s=96&d=mm&r=g\",\"caption\":\"Michael Bra\u00df\"},\"url\":\"https:\\\/\\\/www.hvk-bo.de\\\/hvk_neu\\\/author\\\/m_brass\\\/\"}]}<\/script>\n<!-- \/ Yoast SEO plugin. -->","yoast_head_json":{"title":"Sparda-Spendenwahl f\u00fcr unser 100j\u00e4hriges Jubil\u00e4um - Heinrich-von-Kleist-Gymnasium","robots":{"index":"index","follow":"follow","max-snippet":"max-snippet:-1","max-image-preview":"max-image-preview:large","max-video-preview":"max-video-preview:-1"},"canonical":"https:\/\/www.hvk-bo.de\/hvk_neu\/sparda-spendenwahl-fuer-unser-100jaehriges-jubilaeum\/","og_locale":"de_DE","og_type":"article","og_title":"Sparda-Spendenwahl f\u00fcr unser 100j\u00e4hriges Jubil\u00e4um - Heinrich-von-Kleist-Gymnasium","og_url":"https:\/\/www.hvk-bo.de\/hvk_neu\/sparda-spendenwahl-fuer-unser-100jaehriges-jubilaeum\/","og_site_name":"Heinrich-von-Kleist-Gymnasium","article_published_time":"2026-04-27T14:34:21+00:00","article_modified_time":"2026-04-27T15:17:04+00:00","og_image":[{"width":540,"height":360,"url":"https:\/\/www.hvk-bo.de\/hvk_neu\/wp-content\/uploads\/2026\/04\/Wir-sind-dabei_Teaser.jpg","type":"image\/jpeg"}],"author":"Michael Bra\u00df","twitter_card":"summary_large_image","twitter_misc":{"Verfasst von":"Michael Bra\u00df","Gesch\u00e4tzte Lesezeit":"1\u00a0Minute"},"schema":{"@context":"https:\/\/schema.org","@graph":[{"@type":"Article","@id":"https:\/\/www.hvk-bo.de\/hvk_neu\/sparda-spendenwahl-fuer-unser-100jaehriges-jubilaeum\/#article","isPartOf":{"@id":"https:\/\/www.hvk-bo.de\/hvk_neu\/sparda-spendenwahl-fuer-unser-100jaehriges-jubilaeum\/"},"author":{"name":"Michael Bra\u00df","@id":"https:\/\/www.hvk-bo.de\/hvk_neu\/#\/schema\/person\/794a75d9b26b9307332ae4520c485be1"},"headline":"Sparda-Spendenwahl f\u00fcr unser 100j\u00e4hriges Jubil\u00e4um","datePublished":"2026-04-27T14:34:21+00:00","dateModified":"2026-04-27T15:17:04+00:00","mainEntityOfPage":{"@id":"https:\/\/www.hvk-bo.de\/hvk_neu\/sparda-spendenwahl-fuer-unser-100jaehriges-jubilaeum\/"},"wordCount":106,"publisher":{"@id":"https:\/\/www.hvk-bo.de\/hvk_neu\/#organization"},"image":{"@id":"https:\/\/www.hvk-bo.de\/hvk_neu\/sparda-spendenwahl-fuer-unser-100jaehriges-jubilaeum\/#primaryimage"},"thumbnailUrl":"https:\/\/www.hvk-bo.de\/hvk_neu\/wp-content\/uploads\/2026\/04\/Wir-sind-dabei_Teaser.jpg","articleSection":["Top News"],"inLanguage":"de"},{"@type":"WebPage","@id":"https:\/\/www.hvk-bo.de\/hvk_neu\/sparda-spendenwahl-fuer-unser-100jaehriges-jubilaeum\/","url":"https:\/\/www.hvk-bo.de\/hvk_neu\/sparda-spendenwahl-fuer-unser-100jaehriges-jubilaeum\/","name":"Sparda-Spendenwahl f\u00fcr unser 100j\u00e4hriges Jubil\u00e4um - Heinrich-von-Kleist-Gymnasium","isPartOf":{"@id":"https:\/\/www.hvk-bo.de\/hvk_neu\/#website"},"primaryImageOfPage":{"@id":"https:\/\/www.hvk-bo.de\/hvk_neu\/sparda-spendenwahl-fuer-unser-100jaehriges-jubilaeum\/#primaryimage"},"image":{"@id":"https:\/\/www.hvk-bo.de\/hvk_neu\/sparda-spendenwahl-fuer-unser-100jaehriges-jubilaeum\/#primaryimage"},"thumbnailUrl":"https:\/\/www.hvk-bo.de\/hvk_neu\/wp-content\/uploads\/2026\/04\/Wir-sind-dabei_Teaser.jpg","datePublished":"2026-04-27T14:34:21+00:00","dateModified":"2026-04-27T15:17:04+00:00","breadcrumb":{"@id":"https:\/\/www.hvk-bo.de\/hvk_neu\/sparda-spendenwahl-fuer-unser-100jaehriges-jubilaeum\/#breadcrumb"},"inLanguage":"de","potentialAction":[{"@type":"ReadAction","target":["https:\/\/www.hvk-bo.de\/hvk_neu\/sparda-spendenwahl-fuer-unser-100jaehriges-jubilaeum\/"]}]},{"@type":"ImageObject","inLanguage":"de","@id":"https:\/\/www.hvk-bo.de\/hvk_neu\/sparda-spendenwahl-fuer-unser-100jaehriges-jubilaeum\/#primaryimage","url":"https:\/\/www.hvk-bo.de\/hvk_neu\/wp-content\/uploads\/2026\/04\/Wir-sind-dabei_Teaser.jpg","contentUrl":"https:\/\/www.hvk-bo.de\/hvk_neu\/wp-content\/uploads\/2026\/04\/Wir-sind-dabei_Teaser.jpg","width":540,"height":360},{"@type":"BreadcrumbList","@id":"https:\/\/www.hvk-bo.de\/hvk_neu\/sparda-spendenwahl-fuer-unser-100jaehriges-jubilaeum\/#breadcrumb","itemListElement":[{"@type":"ListItem","position":1,"name":"Startseite","item":"https:\/\/www.hvk-bo.de\/hvk_neu\/"},{"@type":"ListItem","position":2,"name":"Sparda-Spendenwahl f\u00fcr unser 100j\u00e4hriges Jubil\u00e4um"}]},{"@type":"WebSite","@id":"https:\/\/www.hvk-bo.de\/hvk_neu\/#website","url":"https:\/\/www.hvk-bo.de\/hvk_neu\/","name":"Heinrich-von-Kleist-Gymnasium","description":"Ganztagsgymnasium","publisher":{"@id":"https:\/\/www.hvk-bo.de\/hvk_neu\/#organization"},"alternateName":"HvK Bochum","potentialAction":[{"@type":"SearchAction","target":{"@type":"EntryPoint","urlTemplate":"https:\/\/www.hvk-bo.de\/hvk_neu\/?s={search_term_string}"},"query-input":{"@type":"PropertyValueSpecification","valueRequired":true,"valueName":"search_term_string"}}],"inLanguage":"de"},{"@type":"Organization","@id":"https:\/\/www.hvk-bo.de\/hvk_neu\/#organization","name":"Heinrich-von-Kleist-Gymnasium","alternateName":"HvK Bochum","url":"https:\/\/www.hvk-bo.de\/hvk_neu\/","logo":{"@type":"ImageObject","inLanguage":"de","@id":"https:\/\/www.hvk-bo.de\/hvk_neu\/#\/schema\/logo\/image\/","url":"https:\/\/www.hvk-bo.de\/hvk_neu\/wp-content\/uploads\/2024\/06\/HvK_Logo_klein.png","contentUrl":"https:\/\/www.hvk-bo.de\/hvk_neu\/wp-content\/uploads\/2024\/06\/HvK_Logo_klein.png","width":512,"height":512,"caption":"Heinrich-von-Kleist-Gymnasium"},"image":{"@id":"https:\/\/www.hvk-bo.de\/hvk_neu\/#\/schema\/logo\/image\/"}},{"@type":"Person","@id":"https:\/\/www.hvk-bo.de\/hvk_neu\/#\/schema\/person\/794a75d9b26b9307332ae4520c485be1","name":"Michael Bra\u00df","image":{"@type":"ImageObject","inLanguage":"de","@id":"https:\/\/secure.gravatar.com\/avatar\/4d4f3173b0525d68b6dd40a3b8a251b7175e4562a8b9dca3165604270abc96ec?s=96&d=mm&r=g","url":"https:\/\/secure.gravatar.com\/avatar\/4d4f3173b0525d68b6dd40a3b8a251b7175e4562a8b9dca3165604270abc96ec?s=96&d=mm&r=g","contentUrl":"https:\/\/secure.gravatar.com\/avatar\/4d4f3173b0525d68b6dd40a3b8a251b7175e4562a8b9dca3165604270abc96ec?s=96&d=mm&r=g","caption":"Michael Bra\u00df"},"url":"https:\/\/www.hvk-bo.de\/hvk_neu\/author\/m_brass\/"}]}},"uagb_featured_image_src":{"full":["https:\/\/www.hvk-bo.de\/hvk_neu\/wp-content\/uploads\/2026\/04\/Wir-sind-dabei_Teaser.jpg",540,360,false],"thumbnail":["https:\/\/www.hvk-bo.de\/hvk_neu\/wp-content\/uploads\/2026\/04\/Wir-sind-dabei_Teaser-150x150.jpg",150,150,true],"medium":["https:\/\/www.hvk-bo.de\/hvk_neu\/wp-content\/uploads\/2026\/04\/Wir-sind-dabei_Teaser-300x200.jpg",300,200,true],"medium_large":["https:\/\/www.hvk-bo.de\/hvk_neu\/wp-content\/uploads\/2026\/04\/Wir-sind-dabei_Teaser.jpg",540,360,false],"large":["https:\/\/www.hvk-bo.de\/hvk_neu\/wp-content\/uploads\/2026\/04\/Wir-sind-dabei_Teaser.jpg",540,360,false],"1536x1536":["https:\/\/www.hvk-bo.de\/hvk_neu\/wp-content\/uploads\/2026\/04\/Wir-sind-dabei_Teaser.jpg",540,360,false],"2048x2048":["https:\/\/www.hvk-bo.de\/hvk_neu\/wp-content\/uploads\/2026\/04\/Wir-sind-dabei_Teaser.jpg",540,360,false]},"uagb_author_info":{"display_name":"Michael Bra\u00df","author_link":"https:\/\/www.hvk-bo.de\/hvk_neu\/author\/m_brass\/"},"uagb_comment_info":0,"uagb_excerpt":null,"_links":{"self":[{"href":"https:\/\/www.hvk-bo.de\/hvk_neu\/wp-json\/wp\/v2\/posts\/4181","targetHints":{"allow":["GET"]}}],"collection":[{"href":"https:\/\/www.hvk-bo.de\/hvk_neu\/wp-json\/wp\/v2\/posts"}],"about":[{"href":"https:\/\/www.hvk-bo.de\/hvk_neu\/wp-json\/wp\/v2\/types\/post"}],"author":[{"embeddable":true,"href":"https:\/\/www.hvk-bo.de\/hvk_neu\/wp-json\/wp\/v2\/users\/4"}],"replies":[{"embeddable":true,"href":"https:\/\/www.hvk-bo.de\/hvk_neu\/wp-json\/wp\/v2\/comments?post=4181"}],"version-history":[{"count":5,"href":"https:\/\/www.hvk-bo.de\/hvk_neu\/wp-json\/wp\/v2\/posts\/4181\/revisions"}],"predecessor-version":[{"id":4188,"href":"https:\/\/www.hvk-bo.de\/hvk_neu\/wp-json\/wp\/v2\/posts\/4181\/revisions\/4188"}],"wp:featuredmedia":[{"embeddable":true,"href":"https:\/\/www.hvk-bo.de\/hvk_neu\/wp-json\/wp\/v2\/media\/4184"}],"wp:attachment":[{"href":"https:\/\/www.hvk-bo.de\/hvk_neu\/wp-json\/wp\/v2\/media?parent=4181"}],"wp:term":[{"taxonomy":"category","embeddable":true,"href":"https:\/\/www.hvk-bo.de\/hvk_neu\/wp-json\/wp\/v2\/categories?post=4181"},{"taxonomy":"post_tag","embeddable":true,"href":"https:\/\/www.hvk-bo.de\/hvk_neu\/wp-json\/wp\/v2\/tags?post=4181"}],"curies":[{"name":"wp","href":"https:\/\/api.w.org\/{rel}","templated":true}]}}